{"id":19176,"date":"2019-11-25T23:08:27","date_gmt":"2019-11-25T23:08:27","guid":{"rendered":"http:\/\/vocesver.com\/noticias\/?p=19176"},"modified":"2019-11-25T23:15:47","modified_gmt":"2019-11-25T23:15:47","slug":"con-la-venta-de-3-buques-empresa-naviera-del-grupo-tmm-liquidara-a-trabajadores","status":"publish","type":"post","link":"http:\/\/vocesver.com\/noticias\/con-la-venta-de-3-buques-empresa-naviera-del-grupo-tmm-liquidara-a-trabajadores\/","title":{"rendered":"CON LA VENTA DE 3 BUQUES EMPRESA NAVIERA DEL GRUPO TMM LIQUIDAR\u00c1 A TRABAJADORES."},"content":{"rendered":"<p>\u00b0Los buque que est\u00e1n a la venta son:Durango,Taj\u00edn y Veracruz.<\/p>\n<p>\u00b0Ya se firma un convenio Laboral en tribunales laborales de M\u00e9xico.<\/p>\n<p>POR:ALEJANDRO MURRIETA\/VOCESVER.COM\/NOTICIAS<\/p>\n<p>NACIONAL.-A 25 de Noviembre 2019.- Derivado de la falta de operaciones de 3 de sus embarcaciones la empresa naviera Grupo TMM S.A.C.V.se est\u00e1 viendo en la necesidad de vender los buques Durango,Taj\u00edn y Veracruz\u00a0 y en breve ser\u00e1n entregados a sus nuevos propietarios.<\/p>\n<p>De acuerdo con informaci\u00f3n proporcionada por marinos mercantes estos barcos estuvieron sin operaciones varios meses y directivos de dicha empresa sostienen pl\u00e1ticas con los trabajadores involucrados a efecto de firmar un convenio laboral que les beneficie a ambas partes.<\/p>\n<p>Las reuniones se est\u00e1n efectuando en la Junta Federal de Conciliaci\u00f3n y Arbitraje de la Ciudad de M\u00e9xico, asimismo se deber\u00e1 de dar parte a la Autoridad Mar\u00edtima esto con la finalidad de que tambi\u00e9n est\u00e9 involucrada por la Autorizaci\u00f3n que debe darse para la dimisi\u00f3n de\u00a0 Bandera.<\/p>\n<p>En el referido convenio se est\u00e1n calendarizando las fechas de los buques antes mencionados,as\u00ed como tambi\u00e9n de las liquidaciones que tienen que pagar al personal de planta, para lo cual esas liquidaciones ser\u00e1n apegadas a la Ley Federal del Trabajo, en tanto que al personal interino se le debe pagar\u00a0 sus respectivos finiquitos.<\/p>\n","protected":false},"excerpt":{"rendered":"<p>\u00b0Los buque que est\u00e1n a la venta son:Durango,Taj\u00edn y Veracruz. \u00b0Ya se firma un convenio Laboral en tribunales laborales de<\/p>\n","protected":false},"author":2,"featured_media":19178,"comment_status":"open","ping_status":"open","sticky":false,"template":"","format":"standard","meta":{"colormag_page_container_layout":"default_layout","colormag_page_sidebar_layout":"default_layout","footnotes":""},"categories":[5],"tags":[],"class_list":["post-19176","post","type-post","status-publish","format-standard","has-post-thumbnail","hentry","category-nacional"],"_links":{"self":[{"href":"http:\/\/vocesver.com\/noticias\/wp-json\/wp\/v2\/posts\/19176","targetHints":{"allow":["GET"]}}],"collection":[{"href":"http:\/\/vocesver.com\/noticias\/wp-json\/wp\/v2\/posts"}],"about":[{"href":"http:\/\/vocesver.com\/noticias\/wp-json\/wp\/v2\/types\/post"}],"author":[{"embeddable":true,"href":"http:\/\/vocesver.com\/noticias\/wp-json\/wp\/v2\/users\/2"}],"replies":[{"embeddable":true,"href":"http:\/\/vocesver.com\/noticias\/wp-json\/wp\/v2\/comments?post=19176"}],"version-history":[{"count":1,"href":"http:\/\/vocesver.com\/noticias\/wp-json\/wp\/v2\/posts\/19176\/revisions"}],"predecessor-version":[{"id":19177,"href":"http:\/\/vocesver.com\/noticias\/wp-json\/wp\/v2\/posts\/19176\/revisions\/19177"}],"wp:featuredmedia":[{"embeddable":true,"href":"http:\/\/vocesver.com\/noticias\/wp-json\/wp\/v2\/media\/19178"}],"wp:attachment":[{"href":"http:\/\/vocesver.com\/noticias\/wp-json\/wp\/v2\/media?parent=19176"}],"wp:term":[{"taxonomy":"category","embeddable":true,"href":"http:\/\/vocesver.com\/noticias\/wp-json\/wp\/v2\/categories?post=19176"},{"taxonomy":"post_tag","embeddable":true,"href":"http:\/\/vocesver.com\/noticias\/wp-json\/wp\/v2\/tags?post=19176"}],"curies":[{"name":"wp","href":"https:\/\/api.w.org\/{rel}","templated":true}]}}