{"id":19171,"date":"2019-11-25T22:35:39","date_gmt":"2019-11-25T22:35:39","guid":{"rendered":"http:\/\/vocesver.com\/noticias\/?p=19171"},"modified":"2019-11-25T22:37:34","modified_gmt":"2019-11-25T22:37:34","slug":"invita-comite-a-votar-por-candidatos-a-reyes-infantiles-y-de-la-alegria-de-veracruz-2020","status":"publish","type":"post","link":"http:\/\/vocesver.com\/noticias\/invita-comite-a-votar-por-candidatos-a-reyes-infantiles-y-de-la-alegria-de-veracruz-2020\/","title":{"rendered":"INVITA COMIT\u00c9 A VOTAR POR CANDIDATOS A REYES INFANTILES Y DE LA ALEGRIA DE VERACRUZ 2020."},"content":{"rendered":"<p align=\"center\">REDACCI\u00d3N\/VOCESVERCOM\/NOTICIAS<\/p>\n<p class=\"x_gmail-western\" align=\"justify\"><span style=\"font-family: Calibri, serif;\"><b>Veracruz, Ver., a\u00a0<\/b><\/span><span style=\"font-family: Calibri, serif;\"><b>lunes 25<\/b><\/span><span style=\"font-family: Calibri, serif;\"><b>\u00a0de noviembre de 2019.-\u00a0<\/b><\/span><span style=\"font-family: Calibri, serif;\">La\u00a0<\/span><span style=\"font-family: Calibri, serif;\">contienda para\u00a0<\/span><span style=\"font-family: Calibri, serif;\">candidat<\/span><span style=\"font-family: Calibri, serif;\">as a Reina Infantil y de candidatos a Rey de la Alegr\u00eda del Carnaval de Veracruz 2020 \u201c<\/span><span style=\"font-family: Calibri, serif;\">El m\u00e1s alegre y seguro del mundo\u201d contin\u00faa, por lo cual, el comit\u00e9 organizador hizo una cordial invitaci\u00f3n a la ciudadan\u00eda para que vote por sus aspirantes favoritos.<\/span><\/p>\n<p class=\"x_gmail-western\" align=\"justify\"><span style=\"font-family: Calibri, serif;\">Al respecto, el presidente de dicho comit\u00e9, Luis Antonio P\u00e9rez Fraga, explic\u00f3 que las personas pueden acercarse a las oficinas ubicadas en los bajos del edificio Trigueros\u00a0<\/span><span style=\"font-family: Calibri, serif;\">en donde se les emitir\u00e1 un pase para que paguen en la Tesorer\u00eda Municipal y, posteriormente, depositen su voto en la urna correspondiente a la candidata o el candidato de su preferencia.<\/span><\/p>\n<p class=\"x_gmail-western\" align=\"justify\"><span style=\"font-family: Calibri, serif;\">Asimismo, agreg\u00f3 que otra forma de votar es depositando directamente el dinero en las urnas, recordando a la poblaci\u00f3n que cada peso representa un voto; por tal motivo, las y los ciudadanos tendr\u00e1n hasta el pr\u00f3ximo 18 de diciembre a las 16:00\u00a0<\/span><span style=\"font-family: Calibri, serif;\">para emitir su voto en el caso de\u00a0<\/span><span style=\"font-family: Calibri, serif;\">Reina Infantil y hasta\u00a0<\/span><span style=\"font-family: Calibri, serif;\">las 20:00 horas del mismo d\u00eda, en el caso de Rey de la Alegr\u00eda, fecha en que se efectuar\u00e1n los c\u00f3mputos finales.<\/span><\/p>\n<p class=\"x_gmail-western\" align=\"justify\"><span style=\"font-family: Calibri, serif;\">Record\u00f3 que las candidatas para Reina Infantil son: Regina Beltr\u00e1n Castillo\u00a0<\/span><span style=\"font-family: Calibri, serif;\">con el<\/span><span style=\"font-family: Calibri, serif;\">\u00a0distintivo rosa\u00a0<\/span><span style=\"font-family: Calibri, serif;\">y\u00a0<\/span><span style=\"font-family: Calibri, serif;\">Miroslava Terrones Ahedo\u00a0<\/span><span style=\"font-family: Calibri, serif;\">con el<\/span><span style=\"font-family: Calibri, serif;\">\u00a0distintivo dorado;\u00a0<\/span><span style=\"font-family: Calibri, serif;\">mientras que los candidatos a Rey de la Alegr\u00eda son: Rodolfo Pe\u00f1a Fern\u00e1ndez \u201cTachi- ito\u201d con el distintivo dorado y David Gustavo Monteclaro Hern\u00e1ndez \u201cPerro Gordo\u201d con el distintivo rojo.<\/span><\/p>\n<p class=\"x_gmail-western\" align=\"justify\"><span style=\"font-family: Calibri, serif;\">Finalmente, el responsable de la organizaci\u00f3n de los festejos del Rey Momo que tendr\u00e1n efecto del 19 al 25 de febrero del pr\u00f3ximo a\u00f1o, record\u00f3 que este magno evento se desarrollar\u00e1 en un ambiente 100 por ciento familiar, tal y como lo ha dispuesto el alcalde de Veracruz, Fernando Yunes M\u00e1rquez.<\/span><\/p>\n","protected":false},"excerpt":{"rendered":"<p>REDACCI\u00d3N\/VOCESVERCOM\/NOTICIAS Veracruz, Ver., a\u00a0lunes 25\u00a0de noviembre de 2019.-\u00a0La\u00a0contienda para\u00a0candidatas a Reina Infantil y de candidatos a Rey de la Alegr\u00eda<\/p>\n","protected":false},"author":2,"featured_media":19174,"comment_status":"open","ping_status":"open","sticky":false,"template":"","format":"standard","meta":{"colormag_page_container_layout":"default_layout","colormag_page_sidebar_layout":"default_layout","footnotes":""},"categories":[2],"tags":[],"class_list":["post-19171","post","type-post","status-publish","format-standard","has-post-thumbnail","hentry","category-infogral"],"_links":{"self":[{"href":"http:\/\/vocesver.com\/noticias\/wp-json\/wp\/v2\/posts\/19171","targetHints":{"allow":["GET"]}}],"collection":[{"href":"http:\/\/vocesver.com\/noticias\/wp-json\/wp\/v2\/posts"}],"about":[{"href":"http:\/\/vocesver.com\/noticias\/wp-json\/wp\/v2\/types\/post"}],"author":[{"embeddable":true,"href":"http:\/\/vocesver.com\/noticias\/wp-json\/wp\/v2\/users\/2"}],"replies":[{"embeddable":true,"href":"http:\/\/vocesver.com\/noticias\/wp-json\/wp\/v2\/comments?post=19171"}],"version-history":[{"count":2,"href":"http:\/\/vocesver.com\/noticias\/wp-json\/wp\/v2\/posts\/19171\/revisions"}],"predecessor-version":[{"id":19173,"href":"http:\/\/vocesver.com\/noticias\/wp-json\/wp\/v2\/posts\/19171\/revisions\/19173"}],"wp:featuredmedia":[{"embeddable":true,"href":"http:\/\/vocesver.com\/noticias\/wp-json\/wp\/v2\/media\/19174"}],"wp:attachment":[{"href":"http:\/\/vocesver.com\/noticias\/wp-json\/wp\/v2\/media?parent=19171"}],"wp:term":[{"taxonomy":"category","embeddable":true,"href":"http:\/\/vocesver.com\/noticias\/wp-json\/wp\/v2\/categories?post=19171"},{"taxonomy":"post_tag","embeddable":true,"href":"http:\/\/vocesver.com\/noticias\/wp-json\/wp\/v2\/tags?post=19171"}],"curies":[{"name":"wp","href":"https:\/\/api.w.org\/{rel}","templated":true}]}}