{"id":19167,"date":"2019-11-25T22:28:46","date_gmt":"2019-11-25T22:28:46","guid":{"rendered":"http:\/\/vocesver.com\/noticias\/?p=19167"},"modified":"2019-11-25T22:33:11","modified_gmt":"2019-11-25T22:33:11","slug":"vercruz-esta-en-recesionmarlon-ramirez","status":"publish","type":"post","link":"http:\/\/vocesver.com\/noticias\/vercruz-esta-en-recesionmarlon-ramirez\/","title":{"rendered":"VERCRUZ EST\u00c1 EN RECESI\u00d3N:MARLON RAM\u00cdREZ."},"content":{"rendered":"<p>\u00b7\u00a0\u00a0\u00a0\u00a0\u00a0\u00a0\u00a0\u00a0\u00a0La visi\u00f3n que tiene el gobierno federal y los estados gobernados por Morena es provocar subejercicios para alimentar proyectos eje del Presidente de la Rep\u00fablica pero ninguno est\u00e1 en Veracruz, dice respecto a los recortes en el presupuesto federal.<\/p>\n<p class=\"x_MsoNormal\">AUSENCIO RIVERA\/VOCESVER.COM\/NOTICIAS<\/p>\n<p class=\"x_MsoNormal\"><b>Veracruz, Ver., 25 de noviembre de 2019.<\/b>\u00a0La administraci\u00f3n estatal actual no est\u00e1 cumpliendo con mantener finanzas sanas, detener los excesos de gastos de gobierno y con la generaci\u00f3n de ahorros, pues con la firma de la reestructuraci\u00f3n habr\u00e1 m\u00e1s deuda para las y los veracruzanos, manifest\u00f3 el presidente del CDE del PRI en Veracruz, Marlon Ram\u00edrez Mar\u00edn.<\/p>\n<p class=\"x_MsoNormal\">En conferencia de medios que se realiz\u00f3 en este Puerto en la que expuso un an\u00e1lisis de la informaci\u00f3n presentada por el titular de la secretar\u00eda de Finanzas y Planeaci\u00f3n, en su comparecencia ante diputados del Congreso Local, puntualiz\u00f3 que seg\u00fan la operaci\u00f3n propuesta con la reestructuraci\u00f3n no solo abarcar\u00e1 la actual administraci\u00f3n, sino que se extender\u00e1 hasta el 2028.<\/p>\n<p class=\"x_MsoNormal\">\u00abEl Secretario de Finanzas habl\u00f3 de que el monto de la deuda ascendi\u00f3 a 97 mil millones de pesos en esta administraci\u00f3n y se pagar\u00e1 a 20 a\u00f1os. \u00bfEsto es verdad o es mentira? Es verdad \u00bfEs bueno o es malo? Yo creo que es malo, porque esto no representa un ahorro a Veracruz, porque en lo dicho por el secretario acepta que la deuda se dispar\u00f3 en 129.81% m\u00e1s\u00bb, dijo.<\/p>\n<p class=\"x_MsoNormal\">El dirigente estatal del PRI, subray\u00f3 que a las y los veracruzanos les importa que el dinero circule. \u00abQue podamos apoyar a los ganaderos de la zona norte, a los cafeticultores de la zona de Huatusco, o de la Sierra de Misantla, o que podamos darle respaldo a los pescadores, pero en estas condiciones nada de eso es posible porque Veracruz y el pa\u00eds est\u00e1n en recesi\u00f3n\u00bb.<\/p>\n<p class=\"x_MsoNormal\">Acus\u00f3 que en Veracruz por falta de gasto del gobierno y por ese suberjercicio hay problemas en el Instituto de Pensiones del Estado, hay falta de medicinas, el comercio peque\u00f1o tiene dificultades, hay hoteles que est\u00e1n cerrando, las familias no tienen empleo, la sequ\u00eda azot\u00f3 pr\u00e1cticamente todo el territorio veracruzano, entre muchos otros problemas.<\/p>\n<p class=\"x_MsoNormal\">En este sentido, se\u00f1al\u00f3: \u00abLa visi\u00f3n que tiene el gobierno federal y los estados gobernados por Morena es provocar subejercicios para alimentar proyectos eje del Presidente de la Rep\u00fablica, pero ninguno de ellos est\u00e1 en Veracruz\u00bb.<\/p>\n<p class=\"x_MsoNormal\">Para concluir, el l\u00edder priista, refiri\u00f3 que el partido continuar\u00e1 con estos ejercicios de an\u00e1lisis de las comparecencias de secretarios de despacho, relativas a la glosa del Primer Informe de Gobierno, y los datos est\u00e1n sustentados en informaci\u00f3n p\u00fablica.<\/p>\n<p class=\"x_MsoNormal\">\n","protected":false},"excerpt":{"rendered":"<p>\u00b7\u00a0\u00a0\u00a0\u00a0\u00a0\u00a0\u00a0\u00a0\u00a0La visi\u00f3n que tiene el gobierno federal y los estados gobernados por Morena es provocar subejercicios para alimentar proyectos eje<\/p>\n","protected":false},"author":2,"featured_media":19170,"comment_status":"open","ping_status":"open","sticky":false,"template":"","format":"standard","meta":{"colormag_page_container_layout":"default_layout","colormag_page_sidebar_layout":"default_layout","footnotes":""},"categories":[2],"tags":[],"class_list":["post-19167","post","type-post","status-publish","format-standard","has-post-thumbnail","hentry","category-infogral"],"_links":{"self":[{"href":"http:\/\/vocesver.com\/noticias\/wp-json\/wp\/v2\/posts\/19167","targetHints":{"allow":["GET"]}}],"collection":[{"href":"http:\/\/vocesver.com\/noticias\/wp-json\/wp\/v2\/posts"}],"about":[{"href":"http:\/\/vocesver.com\/noticias\/wp-json\/wp\/v2\/types\/post"}],"author":[{"embeddable":true,"href":"http:\/\/vocesver.com\/noticias\/wp-json\/wp\/v2\/users\/2"}],"replies":[{"embeddable":true,"href":"http:\/\/vocesver.com\/noticias\/wp-json\/wp\/v2\/comments?post=19167"}],"version-history":[{"count":2,"href":"http:\/\/vocesver.com\/noticias\/wp-json\/wp\/v2\/posts\/19167\/revisions"}],"predecessor-version":[{"id":19169,"href":"http:\/\/vocesver.com\/noticias\/wp-json\/wp\/v2\/posts\/19167\/revisions\/19169"}],"wp:featuredmedia":[{"embeddable":true,"href":"http:\/\/vocesver.com\/noticias\/wp-json\/wp\/v2\/media\/19170"}],"wp:attachment":[{"href":"http:\/\/vocesver.com\/noticias\/wp-json\/wp\/v2\/media?parent=19167"}],"wp:term":[{"taxonomy":"category","embeddable":true,"href":"http:\/\/vocesver.com\/noticias\/wp-json\/wp\/v2\/categories?post=19167"},{"taxonomy":"post_tag","embeddable":true,"href":"http:\/\/vocesver.com\/noticias\/wp-json\/wp\/v2\/tags?post=19167"}],"curies":[{"name":"wp","href":"https:\/\/api.w.org\/{rel}","templated":true}]}}