{"id":19153,"date":"2019-11-25T19:01:17","date_gmt":"2019-11-25T19:01:17","guid":{"rendered":"http:\/\/vocesver.com\/noticias\/?p=19153"},"modified":"2019-11-25T22:24:32","modified_gmt":"2019-11-25T22:24:32","slug":"que-caso-de-kathya-darinka-sea-atraido-por-la-fiscalia-general-del-estado-azuara-vidales","status":"publish","type":"post","link":"http:\/\/vocesver.com\/noticias\/que-caso-de-kathya-darinka-sea-atraido-por-la-fiscalia-general-del-estado-azuara-vidales\/","title":{"rendered":"QUE CASO DE KATHYA DARINKA SEA ATRAIDO POR LA FISCAL\u00cdA GENERAL DEL ESTADO: AZUARA VIDALES."},"content":{"rendered":"<p><a href=\"http:\/\/vocesver.com\/noticias\/wp-content\/uploads\/2019\/11\/menor.jpg\"><img loading=\"lazy\" decoding=\"async\" class=\"alignnone size-medium wp-image-19158\" src=\"http:\/\/vocesver.com\/noticias\/wp-content\/uploads\/2019\/11\/menor-300x225.jpg\" alt=\"\" width=\"300\" height=\"225\" srcset=\"http:\/\/vocesver.com\/noticias\/wp-content\/uploads\/2019\/11\/menor-300x225.jpg 300w, http:\/\/vocesver.com\/noticias\/wp-content\/uploads\/2019\/11\/menor-768x576.jpg 768w, http:\/\/vocesver.com\/noticias\/wp-content\/uploads\/2019\/11\/menor-1024x768.jpg 1024w, http:\/\/vocesver.com\/noticias\/wp-content\/uploads\/2019\/11\/menor.jpg 1280w\" sizes=\"auto, (max-width: 300px) 100vw, 300px\" \/><\/a><a href=\"http:\/\/vocesver.com\/noticias\/wp-content\/uploads\/2019\/11\/menor3.jpg\"><img loading=\"lazy\" decoding=\"async\" class=\"alignnone size-medium wp-image-19160\" src=\"http:\/\/vocesver.com\/noticias\/wp-content\/uploads\/2019\/11\/menor3-293x300.jpg\" alt=\"\" width=\"293\" height=\"300\" srcset=\"http:\/\/vocesver.com\/noticias\/wp-content\/uploads\/2019\/11\/menor3-293x300.jpg 293w, http:\/\/vocesver.com\/noticias\/wp-content\/uploads\/2019\/11\/menor3-768x788.jpg 768w, http:\/\/vocesver.com\/noticias\/wp-content\/uploads\/2019\/11\/menor3-998x1024.jpg 998w, http:\/\/vocesver.com\/noticias\/wp-content\/uploads\/2019\/11\/menor3.jpg 1248w\" sizes=\"auto, (max-width: 293px) 100vw, 293px\" \/><\/a><\/p>\n<p>\u00b0No conf\u00edan en las autoridades de la Fiscal\u00eda de San Andr\u00e9s Tuxtal, hay mucha fuga de informaci\u00f3n en el caso.<\/p>\n<p>\u00b0La menor tiene varios d\u00edas desaparecida y nadie sabe donde est\u00e1.<\/p>\n<p>\u00b0Desde hace dos meses se desconoce su paradero, la familia est\u00e1 preocupada.<\/p>\n<p>AUSENCIO RIVERA\/VOCESVER.COM\/NOTICIA<\/p>\n<p>Veracruz, Ver.- a 25 de Noviembre 2019.- Debido a que existe una gran fuga de informaci\u00f3n en las autoridades de la Fiscal\u00eda Primera Especializada de San Andr\u00e9s Tuxtla,Veracruz, en el caso de la menor desaparecida Kathya Darinka Fern\u00e1ndez Azuara, el doctor Jos\u00e9 Azuara Vidales abuelo de la agraviada pidi\u00f3 la intervenci\u00f3n de la Licenciada Ver\u00f3nica Hern\u00e1ndez Giad\u00e1ms encargada de la Fiscal\u00eda General del Estado de Veracruz para que \u00e9sta carpeta de investigaci\u00f3n sea atra\u00edda a la ciudad de Xalapa.<\/p>\n<p>En conferencia de medios y acompa\u00f1ada de la licenciada Alicia L\u00f3pez L\u00f3pez abogada familiar,Civil y Penalista dijo:nosotros pedimos que se hagan las acciones necesarias en su funci\u00f3n p\u00fablica.<\/p>\n<p>Sin especificar quien est\u00e1 \u00abfiltrando\u00bb informaci\u00f3n del caso, el entrevistado dijo lo que si sabemos es\u00a0 que por un lado estamos haciendo diligencias y presentando escritos y por el otro lado la gente ya sabe y est\u00e1n presentando amparos.<\/p>\n<p>Ante esa situaci\u00f3n vemos que est\u00e1n incumpliendo un deber de su funci\u00f3n p\u00fablica y por esa raz\u00f3n solicitamos a la titular de la PGJ del\u00a0 Estado que \u00e9stas investigaciones sean atra\u00eddas a la Ciudad de Xalapa para evitar toda esa contaminaci\u00f3n que existe de nuestros funcionarios, ordenadores y ejecutores de San Andr\u00e9s Tuxtla Veracruz,subrray\u00f3.<\/p>\n<p>Al se\u00f1alar que se cuenta con el respaldo de la comunidad jur\u00eddica del Foro de Abogados, Barra de Abogados y Presidentes de Abogados la licenciada L\u00f3pez L\u00f3pez dijo que seguir\u00e1n levantando la voz hasta lograr que se haga justicia en este caso y la menor pronto aparezca para que regrese sana y salva con su familia.<\/p>\n<p>Al momento de su desaparici\u00f3n la progenitora Katya Azuara D\u00edaz present\u00f3 el n\u00famero de carpeta de investigaci\u00f3n n\u00famero 65\/2017 en la Fiscal\u00eda Primera Especializada en Delitos Contra la Violencia de Familia,Mujeres, Ni\u00f1as.Ni\u00f1os y Trata de Personas del Distrito Judicial\u00a0 XIX de San Andr\u00e9s Tuxtla, Veracruz.<\/p>\n<p>Los familiares de la ni\u00f1a desaparecida tambi\u00e9n demandan la intervenci\u00f3n del Presidente de la Rep\u00fablica licenciado Andr\u00e9s Manuel L\u00f3pez Obrador y del Gobernador del Estado Cuitl\u00e1huac Garc\u00eda Jim\u00e9nez,pues ya van varios d\u00edas y no se sabe nada de la ni\u00f1a.<\/p>\n<p>&nbsp;<\/p>\n","protected":false},"excerpt":{"rendered":"<p>\u00b0No conf\u00edan en las autoridades de la Fiscal\u00eda de San Andr\u00e9s Tuxtal, hay mucha fuga de informaci\u00f3n en el caso.<\/p>\n","protected":false},"author":2,"featured_media":19157,"comment_status":"open","ping_status":"open","sticky":false,"template":"","format":"standard","meta":{"colormag_page_container_layout":"default_layout","colormag_page_sidebar_layout":"default_layout","footnotes":""},"categories":[2,1],"tags":[],"class_list":["post-19153","post","type-post","status-publish","format-standard","has-post-thumbnail","hentry","category-infogral","category-sin-categoria"],"_links":{"self":[{"href":"http:\/\/vocesver.com\/noticias\/wp-json\/wp\/v2\/posts\/19153","targetHints":{"allow":["GET"]}}],"collection":[{"href":"http:\/\/vocesver.com\/noticias\/wp-json\/wp\/v2\/posts"}],"about":[{"href":"http:\/\/vocesver.com\/noticias\/wp-json\/wp\/v2\/types\/post"}],"author":[{"embeddable":true,"href":"http:\/\/vocesver.com\/noticias\/wp-json\/wp\/v2\/users\/2"}],"replies":[{"embeddable":true,"href":"http:\/\/vocesver.com\/noticias\/wp-json\/wp\/v2\/comments?post=19153"}],"version-history":[{"count":7,"href":"http:\/\/vocesver.com\/noticias\/wp-json\/wp\/v2\/posts\/19153\/revisions"}],"predecessor-version":[{"id":19166,"href":"http:\/\/vocesver.com\/noticias\/wp-json\/wp\/v2\/posts\/19153\/revisions\/19166"}],"wp:featuredmedia":[{"embeddable":true,"href":"http:\/\/vocesver.com\/noticias\/wp-json\/wp\/v2\/media\/19157"}],"wp:attachment":[{"href":"http:\/\/vocesver.com\/noticias\/wp-json\/wp\/v2\/media?parent=19153"}],"wp:term":[{"taxonomy":"category","embeddable":true,"href":"http:\/\/vocesver.com\/noticias\/wp-json\/wp\/v2\/categories?post=19153"},{"taxonomy":"post_tag","embeddable":true,"href":"http:\/\/vocesver.com\/noticias\/wp-json\/wp\/v2\/tags?post=19153"}],"curies":[{"name":"wp","href":"https:\/\/api.w.org\/{rel}","templated":true}]}}