{"id":19146,"date":"2019-11-25T14:18:03","date_gmt":"2019-11-25T14:18:03","guid":{"rendered":"http:\/\/vocesver.com\/noticias\/?p=19146"},"modified":"2019-11-25T14:19:20","modified_gmt":"2019-11-25T14:19:20","slug":"clausura-boca-del-riocurso-internacional-de-natacion-y-rescate-acuatico","status":"publish","type":"post","link":"http:\/\/vocesver.com\/noticias\/clausura-boca-del-riocurso-internacional-de-natacion-y-rescate-acuatico\/","title":{"rendered":"CLAUSURA BOCA DEL R\u00cdO,CURSO INTERNACIONAL DE NATACI\u00d3N Y RESCATE ACU\u00c1TICO."},"content":{"rendered":"<p id=\"geom_inter_1574691362587_11_4\" align=\"center\"><b><span lang=\"ES\">\u00a0<\/span><\/b><\/p>\n<p id=\"geom_inter_1574691362588_70_5\"><span lang=\"ES\">* Humberto Alonso Morelli, busca la profesionalizaci\u00f3n de los guardavidas de la ciudad.<\/span><\/p>\n<p id=\"geom_inter_1574691362588_72_6\"><span lang=\"ES\">* Los 40 elementos que participaron recibieron cursos de nataci\u00f3n, primeros auxilios, relaciones p\u00fablicas y rescate acu\u00e1tico.<\/span><\/p>\n<p><span lang=\"ES\">\u00a0<\/span><\/p>\n<p>Boca del R\u00edo, Ver.- a 25 de Noviembre 2019.-\u00a0<span id=\"geom_inter_1574691362589_89_7\" lang=\"ES\">El municipio de Boca del R\u00edo fue sede del curso internacional de Nataci\u00f3n y Rescate Acu\u00e1tico en donde participaron 40 elementos de Protecci\u00f3n Civil de cuatro estados de la Rep\u00fablica Mexicana, adem\u00e1s de otros pa\u00edses como Guatemala y Honduras y cuatro municipios del Estado de Veracruz entre ellos Boca del R\u00edo, inform\u00f3 el director de Protecci\u00f3n Civil, Andr\u00e9s Escalera Pav\u00f3n.<\/span><\/p>\n<p><span lang=\"ES\">\u00a0<\/span><\/p>\n<p><span lang=\"ES\">Escalera Pav\u00f3n explic\u00f3 que el presidente municipal de Boca del R\u00edo, Humberto Alonso Morelli, siempre interesado en la certificaci\u00f3n de la ciudad y el personal que labora a su cargo, busc\u00f3 que el municipio contara con personal altamente capacitado en el \u00e1rea de Protecci\u00f3n Civil y de esta manera se garantice la seguridad de atenci\u00f3n y rescate a turistas y lugare\u00f1os de la zona.<\/span><\/p>\n<p><span lang=\"ES\">\u00a0<\/span><\/p>\n<p><span lang=\"ES\">El director de Protecci\u00f3n Civil dijo que fueron siete d\u00edas de entrenamiento f\u00edsico, acad\u00e9mico y pr\u00e1ctico, en donde los participantes cubrieron muchos aspectos en nataci\u00f3n, primeros auxilios, relaciones p\u00fablicas, rescate acu\u00e1tico que fue impartido por expertos en la materia de Galveston Texas y Estados Unidos.<\/span><\/p>\n<p><span lang=\"ES\">\u00a0<\/span><\/p>\n<p><span lang=\"ES\">Expres\u00f3 que de las 40 participantes fueron 22 los elementos que lograron la certificaci\u00f3n por cumplir con todas las actividades, tiempos de respuesta y requisitos que exige la Federaci\u00f3n de Rescate Acu\u00e1tico, Galveston y Estados Unidos \u201clas otras personas entrar\u00e1n en proceso de certificaci\u00f3n que concluir\u00e1 en marzo en parte te\u00f3rica y primeros auxilios\u201d.<\/span><\/p>\n<p><span lang=\"ES\">\u00a0<\/span><\/p>\n<p><span lang=\"ES\">Indic\u00f3 que esta capacitaci\u00f3n seguir\u00e1 brind\u00e1ndose a los guardavidas de la ciudad con el objetivo de profesionalizarlos y brindarles seguridad tanto a los visitantes como a los ciudadanos \u201cla gente que est\u00e1 en el mar, que rescata debe estar profesionalizada, saber qu\u00e9 hacer en caso de emergencias\u201d.<\/span><\/p>\n<p><span lang=\"ES\">\u00a0<\/span><\/p>\n<p><span lang=\"ES\">Por su parte, Peter Davis, presidente de la Asociaci\u00f3n Internacional de Galveston Island Beach Patrol, precis\u00f3 que es la primera ocasi\u00f3n que se capacita al personal de Protecci\u00f3n Civil y Guardavidas con la presencia de la Federaci\u00f3n Nacional de Rescate Acu\u00e1tico.<\/span><\/p>\n<p><span lang=\"ES\">\u00a0<\/span><\/p>\n<p><span lang=\"ES\">Reconoci\u00f3 que los elementos recibieron clases de nataci\u00f3n, rescate acu\u00e1tico, primeros auxilios, relaciones p\u00fablicas, informaci\u00f3n de los animales venenosos en el agua, y t\u00e9cnicas de rescate para todos aquellos que trabajan en playa y saber c\u00f3mo actuar en caso de una emergencia.<\/span><\/p>\n<p><span lang=\"ES\">\u00a0<\/span><\/p>\n<p><span lang=\"ES\">Con ello, garantiz\u00f3 que los elementos de Protecci\u00f3n Civil de Boca del R\u00edo, cuenta ahora, con mayores conocimientos sobre el rescate acu\u00e1tico, atenci\u00f3n a las personas y la forma de actuar en las emergencias.<\/span><\/p>\n","protected":false},"excerpt":{"rendered":"<p>\u00a0 * Humberto Alonso Morelli, busca la profesionalizaci\u00f3n de los guardavidas de la ciudad. * Los 40 elementos que participaron<\/p>\n","protected":false},"author":2,"featured_media":19149,"comment_status":"open","ping_status":"open","sticky":false,"template":"","format":"standard","meta":{"colormag_page_container_layout":"default_layout","colormag_page_sidebar_layout":"default_layout","footnotes":""},"categories":[2],"tags":[],"class_list":["post-19146","post","type-post","status-publish","format-standard","has-post-thumbnail","hentry","category-infogral"],"_links":{"self":[{"href":"http:\/\/vocesver.com\/noticias\/wp-json\/wp\/v2\/posts\/19146","targetHints":{"allow":["GET"]}}],"collection":[{"href":"http:\/\/vocesver.com\/noticias\/wp-json\/wp\/v2\/posts"}],"about":[{"href":"http:\/\/vocesver.com\/noticias\/wp-json\/wp\/v2\/types\/post"}],"author":[{"embeddable":true,"href":"http:\/\/vocesver.com\/noticias\/wp-json\/wp\/v2\/users\/2"}],"replies":[{"embeddable":true,"href":"http:\/\/vocesver.com\/noticias\/wp-json\/wp\/v2\/comments?post=19146"}],"version-history":[{"count":2,"href":"http:\/\/vocesver.com\/noticias\/wp-json\/wp\/v2\/posts\/19146\/revisions"}],"predecessor-version":[{"id":19148,"href":"http:\/\/vocesver.com\/noticias\/wp-json\/wp\/v2\/posts\/19146\/revisions\/19148"}],"wp:featuredmedia":[{"embeddable":true,"href":"http:\/\/vocesver.com\/noticias\/wp-json\/wp\/v2\/media\/19149"}],"wp:attachment":[{"href":"http:\/\/vocesver.com\/noticias\/wp-json\/wp\/v2\/media?parent=19146"}],"wp:term":[{"taxonomy":"category","embeddable":true,"href":"http:\/\/vocesver.com\/noticias\/wp-json\/wp\/v2\/categories?post=19146"},{"taxonomy":"post_tag","embeddable":true,"href":"http:\/\/vocesver.com\/noticias\/wp-json\/wp\/v2\/tags?post=19146"}],"curies":[{"name":"wp","href":"https:\/\/api.w.org\/{rel}","templated":true}]}}