{"id":19127,"date":"2019-11-23T21:35:25","date_gmt":"2019-11-23T21:35:25","guid":{"rendered":"http:\/\/vocesver.com\/noticias\/?p=19127"},"modified":"2019-11-23T21:54:22","modified_gmt":"2019-11-23T21:54:22","slug":"con-un-emotivo-desfiles-por-el-centro-historico-de-veracurz-navales-celebran-el-dia-de-la-armada-de-mexico","status":"publish","type":"post","link":"http:\/\/vocesver.com\/noticias\/con-un-emotivo-desfiles-por-el-centro-historico-de-veracurz-navales-celebran-el-dia-de-la-armada-de-mexico\/","title":{"rendered":"CON UN EMOTIVO DESFILE POR EL CENTRO HIST\u00d3RICO DE VERACURZ, NAVALES CELEBRAN EL D\u00cdA DE LA ARMADA DE M\u00c9XICO."},"content":{"rendered":"<p><a href=\"http:\/\/vocesver.com\/noticias\/wp-content\/uploads\/2019\/11\/DESFI5.jpg\"><img loading=\"lazy\" decoding=\"async\" class=\"alignnone size-medium wp-image-19137\" src=\"http:\/\/vocesver.com\/noticias\/wp-content\/uploads\/2019\/11\/DESFI5-300x225.jpg\" alt=\"\" width=\"300\" height=\"225\" srcset=\"http:\/\/vocesver.com\/noticias\/wp-content\/uploads\/2019\/11\/DESFI5-300x225.jpg 300w, http:\/\/vocesver.com\/noticias\/wp-content\/uploads\/2019\/11\/DESFI5-768x576.jpg 768w, http:\/\/vocesver.com\/noticias\/wp-content\/uploads\/2019\/11\/DESFI5-1024x768.jpg 1024w, http:\/\/vocesver.com\/noticias\/wp-content\/uploads\/2019\/11\/DESFI5.jpg 1280w\" sizes=\"auto, (max-width: 300px) 100vw, 300px\" \/><\/a><a href=\"http:\/\/vocesver.com\/noticias\/wp-content\/uploads\/2019\/11\/DESFI4.jpg\"><img loading=\"lazy\" decoding=\"async\" class=\"alignnone size-medium wp-image-19135\" src=\"http:\/\/vocesver.com\/noticias\/wp-content\/uploads\/2019\/11\/DESFI4-300x225.jpg\" alt=\"\" width=\"300\" height=\"225\" srcset=\"http:\/\/vocesver.com\/noticias\/wp-content\/uploads\/2019\/11\/DESFI4-300x225.jpg 300w, http:\/\/vocesver.com\/noticias\/wp-content\/uploads\/2019\/11\/DESFI4-768x576.jpg 768w, http:\/\/vocesver.com\/noticias\/wp-content\/uploads\/2019\/11\/DESFI4-1024x768.jpg 1024w, http:\/\/vocesver.com\/noticias\/wp-content\/uploads\/2019\/11\/DESFI4.jpg 1280w\" sizes=\"auto, (max-width: 300px) 100vw, 300px\" \/><\/a><a href=\"http:\/\/vocesver.com\/noticias\/wp-content\/uploads\/2019\/11\/DESFI2.jpg\"><img loading=\"lazy\" decoding=\"async\" class=\"alignnone size-medium wp-image-19130\" src=\"http:\/\/vocesver.com\/noticias\/wp-content\/uploads\/2019\/11\/DESFI2-300x225.jpg\" alt=\"\" width=\"300\" height=\"225\" srcset=\"http:\/\/vocesver.com\/noticias\/wp-content\/uploads\/2019\/11\/DESFI2-300x225.jpg 300w, http:\/\/vocesver.com\/noticias\/wp-content\/uploads\/2019\/11\/DESFI2-768x576.jpg 768w, http:\/\/vocesver.com\/noticias\/wp-content\/uploads\/2019\/11\/DESFI2-1024x768.jpg 1024w, http:\/\/vocesver.com\/noticias\/wp-content\/uploads\/2019\/11\/DESFI2.jpg 1280w\" sizes=\"auto, (max-width: 300px) 100vw, 300px\" \/><\/a><a href=\"http:\/\/vocesver.com\/noticias\/wp-content\/uploads\/2019\/11\/DESFI3.jpg\"><img loading=\"lazy\" decoding=\"async\" class=\"alignnone size-medium wp-image-19133\" src=\"http:\/\/vocesver.com\/noticias\/wp-content\/uploads\/2019\/11\/DESFI3-300x225.jpg\" alt=\"\" width=\"300\" height=\"225\" srcset=\"http:\/\/vocesver.com\/noticias\/wp-content\/uploads\/2019\/11\/DESFI3-300x225.jpg 300w, http:\/\/vocesver.com\/noticias\/wp-content\/uploads\/2019\/11\/DESFI3-768x576.jpg 768w, http:\/\/vocesver.com\/noticias\/wp-content\/uploads\/2019\/11\/DESFI3-1024x768.jpg 1024w, http:\/\/vocesver.com\/noticias\/wp-content\/uploads\/2019\/11\/DESFI3.jpg 1280w\" sizes=\"auto, (max-width: 300px) 100vw, 300px\" \/><\/a><\/p>\n<p>AUSENCIO RIVERA\/VOCESVER.COM\/NOTICIAS.<\/p>\n<p>Veracruz, Ver.- a 23 de Noviembre 2019.- Luego de la ceremonia de entrega de condecoraciones a personal naval de Veracruz que se llev\u00f3 a cabo en le axplanada del Faro Venustiano Carranza, personal de la Her\u00f3ica Escuela Naval Militar de \u00e9sta Ciudad realiz\u00f3 un emotivo desfile por las principales calles de la Ciudad de Veracruz, esto en el marco de la celebraci\u00f3n del D\u00eda de la Armada de M\u00e9xico.-<\/p>\n<p>Los navales recorrieron la Avenida Zaragoza y toda la Avenida Independencia.<\/p>\n<p>Al desfile acudieron decenas de familias veracruzanas quienes disfrutaron de este acto donde en todo momento estuvo presente el \u00f3rden, la disciplina, marcialidad y gallard\u00eda de los cadetes participantes.<\/p>\n<p>Tambi\u00e9n las mujeres que aqu\u00ed se preparan hicieron\u00a0 lo propio, por lo que los ciudadanos y los turistas que nos visitan durante el fin de semana pudieron apreciar este bonito espect\u00e1culo que se realiz\u00f3 en el calles del Centro Hist\u00f3rico de la Ciudad de Veracruz.<\/p>\n<p>Durante el desfile tambi\u00e9n se exhibi\u00f3 una gama de\u00a0 equipo tecnol\u00f3gico, vech\u00edculos y armas con las que se cuenta para salvaguardar la Soberan\u00eda Nacional en caso de ser necesario.<\/p>\n","protected":false},"excerpt":{"rendered":"<p>AUSENCIO RIVERA\/VOCESVER.COM\/NOTICIAS. Veracruz, Ver.- a 23 de Noviembre 2019.- Luego de la ceremonia de entrega de condecoraciones a personal naval<\/p>\n","protected":false},"author":2,"featured_media":19129,"comment_status":"open","ping_status":"open","sticky":false,"template":"","format":"standard","meta":{"colormag_page_container_layout":"default_layout","colormag_page_sidebar_layout":"default_layout","footnotes":""},"categories":[2],"tags":[],"class_list":["post-19127","post","type-post","status-publish","format-standard","has-post-thumbnail","hentry","category-infogral"],"_links":{"self":[{"href":"http:\/\/vocesver.com\/noticias\/wp-json\/wp\/v2\/posts\/19127","targetHints":{"allow":["GET"]}}],"collection":[{"href":"http:\/\/vocesver.com\/noticias\/wp-json\/wp\/v2\/posts"}],"about":[{"href":"http:\/\/vocesver.com\/noticias\/wp-json\/wp\/v2\/types\/post"}],"author":[{"embeddable":true,"href":"http:\/\/vocesver.com\/noticias\/wp-json\/wp\/v2\/users\/2"}],"replies":[{"embeddable":true,"href":"http:\/\/vocesver.com\/noticias\/wp-json\/wp\/v2\/comments?post=19127"}],"version-history":[{"count":12,"href":"http:\/\/vocesver.com\/noticias\/wp-json\/wp\/v2\/posts\/19127\/revisions"}],"predecessor-version":[{"id":19144,"href":"http:\/\/vocesver.com\/noticias\/wp-json\/wp\/v2\/posts\/19127\/revisions\/19144"}],"wp:featuredmedia":[{"embeddable":true,"href":"http:\/\/vocesver.com\/noticias\/wp-json\/wp\/v2\/media\/19129"}],"wp:attachment":[{"href":"http:\/\/vocesver.com\/noticias\/wp-json\/wp\/v2\/media?parent=19127"}],"wp:term":[{"taxonomy":"category","embeddable":true,"href":"http:\/\/vocesver.com\/noticias\/wp-json\/wp\/v2\/categories?post=19127"},{"taxonomy":"post_tag","embeddable":true,"href":"http:\/\/vocesver.com\/noticias\/wp-json\/wp\/v2\/tags?post=19127"}],"curies":[{"name":"wp","href":"https:\/\/api.w.org\/{rel}","templated":true}]}}