{"id":19118,"date":"2019-11-23T21:15:40","date_gmt":"2019-11-23T21:15:40","guid":{"rendered":"http:\/\/vocesver.com\/noticias\/?p=19118"},"modified":"2019-11-23T21:24:16","modified_gmt":"2019-11-23T21:24:16","slug":"gobernador-cuitlahuac-presente-en-la-ceremonia-del-dia-de-la-armada","status":"publish","type":"post","link":"http:\/\/vocesver.com\/noticias\/gobernador-cuitlahuac-presente-en-la-ceremonia-del-dia-de-la-armada\/","title":{"rendered":"GOBERNADOR CUITL\u00c1HUAC PRESENTE EN LA CEREMONIA DEL D\u00cdA DE LA ARMADA."},"content":{"rendered":"<p><a href=\"http:\/\/vocesver.com\/noticias\/wp-content\/uploads\/2019\/11\/armas.jpg\"><img loading=\"lazy\" decoding=\"async\" class=\"alignnone size-medium wp-image-19121\" src=\"http:\/\/vocesver.com\/noticias\/wp-content\/uploads\/2019\/11\/armas-300x225.jpg\" alt=\"\" width=\"300\" height=\"225\" srcset=\"http:\/\/vocesver.com\/noticias\/wp-content\/uploads\/2019\/11\/armas-300x225.jpg 300w, http:\/\/vocesver.com\/noticias\/wp-content\/uploads\/2019\/11\/armas-768x576.jpg 768w, http:\/\/vocesver.com\/noticias\/wp-content\/uploads\/2019\/11\/armas-1024x768.jpg 1024w, http:\/\/vocesver.com\/noticias\/wp-content\/uploads\/2019\/11\/armas.jpg 1280w\" sizes=\"auto, (max-width: 300px) 100vw, 300px\" \/><\/a><a href=\"http:\/\/vocesver.com\/noticias\/wp-content\/uploads\/2019\/11\/armas2.jpg\"><img loading=\"lazy\" decoding=\"async\" class=\"alignnone size-medium wp-image-19123\" src=\"http:\/\/vocesver.com\/noticias\/wp-content\/uploads\/2019\/11\/armas2-300x225.jpg\" alt=\"\" width=\"300\" height=\"225\" srcset=\"http:\/\/vocesver.com\/noticias\/wp-content\/uploads\/2019\/11\/armas2-300x225.jpg 300w, http:\/\/vocesver.com\/noticias\/wp-content\/uploads\/2019\/11\/armas2-768x576.jpg 768w, http:\/\/vocesver.com\/noticias\/wp-content\/uploads\/2019\/11\/armas2-1024x768.jpg 1024w, http:\/\/vocesver.com\/noticias\/wp-content\/uploads\/2019\/11\/armas2.jpg 1280w\" sizes=\"auto, (max-width: 300px) 100vw, 300px\" \/><\/a><\/p>\n<p>\u00b0Tambi\u00e9n acudi\u00f3 el alcalde de Veracruz Fernando Yunes M\u00e1rquez entre otras distinguidas personalidades.<\/p>\n<p>REDACCI\u00d3N\/VOCESVER.COM\/NOTICIAS<\/p>\n<p>Veracruz,Ver.- a 23 de Noviembre 2019.- El gobernador del Estado Cuitl\u00e1huac Garc\u00eda Jim\u00e9nez y el Alcalde de Veracruz Fernando Yunes M\u00e1rquez estuvieron presentes esta ma\u00f1ana en la ceremonia de entrega de condecoraciones a personal naval de la Ciudad y Puerto de Veracruz que se realiz\u00f3 en el marco del D\u00eda de la Armada de M\u00e9xico. Foto AUSENCIO RIVERA&#8230;..<\/p>\n","protected":false},"excerpt":{"rendered":"<p>\u00b0Tambi\u00e9n acudi\u00f3 el alcalde de Veracruz Fernando Yunes M\u00e1rquez entre otras distinguidas personalidades. REDACCI\u00d3N\/VOCESVER.COM\/NOTICIAS Veracruz,Ver.- a 23 de Noviembre 2019.-<\/p>\n","protected":false},"author":2,"featured_media":19120,"comment_status":"open","ping_status":"open","sticky":false,"template":"","format":"standard","meta":{"colormag_page_container_layout":"default_layout","colormag_page_sidebar_layout":"default_layout","footnotes":""},"categories":[2],"tags":[],"class_list":["post-19118","post","type-post","status-publish","format-standard","has-post-thumbnail","hentry","category-infogral"],"_links":{"self":[{"href":"http:\/\/vocesver.com\/noticias\/wp-json\/wp\/v2\/posts\/19118","targetHints":{"allow":["GET"]}}],"collection":[{"href":"http:\/\/vocesver.com\/noticias\/wp-json\/wp\/v2\/posts"}],"about":[{"href":"http:\/\/vocesver.com\/noticias\/wp-json\/wp\/v2\/types\/post"}],"author":[{"embeddable":true,"href":"http:\/\/vocesver.com\/noticias\/wp-json\/wp\/v2\/users\/2"}],"replies":[{"embeddable":true,"href":"http:\/\/vocesver.com\/noticias\/wp-json\/wp\/v2\/comments?post=19118"}],"version-history":[{"count":5,"href":"http:\/\/vocesver.com\/noticias\/wp-json\/wp\/v2\/posts\/19118\/revisions"}],"predecessor-version":[{"id":19126,"href":"http:\/\/vocesver.com\/noticias\/wp-json\/wp\/v2\/posts\/19118\/revisions\/19126"}],"wp:featuredmedia":[{"embeddable":true,"href":"http:\/\/vocesver.com\/noticias\/wp-json\/wp\/v2\/media\/19120"}],"wp:attachment":[{"href":"http:\/\/vocesver.com\/noticias\/wp-json\/wp\/v2\/media?parent=19118"}],"wp:term":[{"taxonomy":"category","embeddable":true,"href":"http:\/\/vocesver.com\/noticias\/wp-json\/wp\/v2\/categories?post=19118"},{"taxonomy":"post_tag","embeddable":true,"href":"http:\/\/vocesver.com\/noticias\/wp-json\/wp\/v2\/tags?post=19118"}],"curies":[{"name":"wp","href":"https:\/\/api.w.org\/{rel}","templated":true}]}}