{"id":19113,"date":"2019-11-22T23:46:01","date_gmt":"2019-11-22T23:46:01","guid":{"rendered":"http:\/\/vocesver.com\/noticias\/?p=19113"},"modified":"2019-11-22T23:48:47","modified_gmt":"2019-11-22T23:48:47","slug":"dos-mujeres-abogadas-y-una-contadora-publica-buscan-dirigir-al-cdm-del-priflores-guerrero","status":"publish","type":"post","link":"http:\/\/vocesver.com\/noticias\/dos-mujeres-abogadas-y-una-contadora-publica-buscan-dirigir-al-cdm-del-priflores-guerrero\/","title":{"rendered":"DOS MUJERES ABOGADAS Y UNA CONTADORA P\u00daBLICA BUSCAN DIRIGIR AL CDM DEL PRI:FLORES GUERRERO."},"content":{"rendered":"<p>REDACCI\u00d3N\/VOCESVER.COM\/NOTICIAS<\/p>\n<p>PIE DE FOTO.<\/p>\n<p>Veracruz, Ver..\u00a0 A 22 de Noviembre 2019.- El presidente del Comit\u00e9 Directivo Municipal del PRI Jorge Victor Flores Guerrero se\u00a0 reuni\u00f3 con un grupo de mujeres priistas en en el caf\u00e9 de la Parroquia de G\u00f3mez Far\u00edas que est\u00e1n interesadas en dirigir a \u00e9ste partido en el municipio. En el desayuno denominado de \u00abUnidad\u00bb el dirigente priista confirm\u00f3 que hay tres candidatas para dirigir al PRI Municipal, entre ellas dos abogadas y una contadora p\u00fablica. Foto ALEJANDRO MURRIETA.<\/p>\n","protected":false},"excerpt":{"rendered":"<p>REDACCI\u00d3N\/VOCESVER.COM\/NOTICIAS PIE DE FOTO. Veracruz, Ver..\u00a0 A 22 de Noviembre 2019.- El presidente del Comit\u00e9 Directivo Municipal del PRI Jorge<\/p>\n","protected":false},"author":2,"featured_media":19115,"comment_status":"open","ping_status":"open","sticky":false,"template":"","format":"standard","meta":{"colormag_page_container_layout":"default_layout","colormag_page_sidebar_layout":"default_layout","footnotes":""},"categories":[2],"tags":[],"class_list":["post-19113","post","type-post","status-publish","format-standard","has-post-thumbnail","hentry","category-infogral"],"_links":{"self":[{"href":"http:\/\/vocesver.com\/noticias\/wp-json\/wp\/v2\/posts\/19113","targetHints":{"allow":["GET"]}}],"collection":[{"href":"http:\/\/vocesver.com\/noticias\/wp-json\/wp\/v2\/posts"}],"about":[{"href":"http:\/\/vocesver.com\/noticias\/wp-json\/wp\/v2\/types\/post"}],"author":[{"embeddable":true,"href":"http:\/\/vocesver.com\/noticias\/wp-json\/wp\/v2\/users\/2"}],"replies":[{"embeddable":true,"href":"http:\/\/vocesver.com\/noticias\/wp-json\/wp\/v2\/comments?post=19113"}],"version-history":[{"count":3,"href":"http:\/\/vocesver.com\/noticias\/wp-json\/wp\/v2\/posts\/19113\/revisions"}],"predecessor-version":[{"id":19117,"href":"http:\/\/vocesver.com\/noticias\/wp-json\/wp\/v2\/posts\/19113\/revisions\/19117"}],"wp:featuredmedia":[{"embeddable":true,"href":"http:\/\/vocesver.com\/noticias\/wp-json\/wp\/v2\/media\/19115"}],"wp:attachment":[{"href":"http:\/\/vocesver.com\/noticias\/wp-json\/wp\/v2\/media?parent=19113"}],"wp:term":[{"taxonomy":"category","embeddable":true,"href":"http:\/\/vocesver.com\/noticias\/wp-json\/wp\/v2\/categories?post=19113"},{"taxonomy":"post_tag","embeddable":true,"href":"http:\/\/vocesver.com\/noticias\/wp-json\/wp\/v2\/tags?post=19113"}],"curies":[{"name":"wp","href":"https:\/\/api.w.org\/{rel}","templated":true}]}}