{"id":19098,"date":"2019-11-22T22:40:10","date_gmt":"2019-11-22T22:40:10","guid":{"rendered":"http:\/\/vocesver.com\/noticias\/?p=19098"},"modified":"2019-11-22T22:43:10","modified_gmt":"2019-11-22T22:43:10","slug":"karem-happuc-sera-la-reina-del-carnaval-2020","status":"publish","type":"post","link":"http:\/\/vocesver.com\/noticias\/karem-happuc-sera-la-reina-del-carnaval-2020\/","title":{"rendered":"KAREM HAPPUC SER\u00c1 LA REINA DEL CARNAVAL 2020."},"content":{"rendered":"<ul>\n<li>\n<p class=\"x_gmail-western\"><span style=\"font-family: Calibri, serif;\"><a href=\"http:\/\/vocesver.com\/noticias\/wp-content\/uploads\/2019\/11\/KAREM-1.jpeg\"><img loading=\"lazy\" decoding=\"async\" class=\"alignnone size-medium wp-image-19102\" src=\"http:\/\/vocesver.com\/noticias\/wp-content\/uploads\/2019\/11\/KAREM-1-234x300.jpeg\" alt=\"\" width=\"234\" height=\"300\" srcset=\"http:\/\/vocesver.com\/noticias\/wp-content\/uploads\/2019\/11\/KAREM-1-234x300.jpeg 234w, http:\/\/vocesver.com\/noticias\/wp-content\/uploads\/2019\/11\/KAREM-1-768x986.jpeg 768w, http:\/\/vocesver.com\/noticias\/wp-content\/uploads\/2019\/11\/KAREM-1.jpeg 786w\" sizes=\"auto, (max-width: 234px) 100vw, 234px\" \/><\/a><a href=\"http:\/\/vocesver.com\/noticias\/wp-content\/uploads\/2019\/11\/KAREM2.jpg\"><img loading=\"lazy\" decoding=\"async\" class=\"alignnone size-medium wp-image-19104\" src=\"http:\/\/vocesver.com\/noticias\/wp-content\/uploads\/2019\/11\/KAREM2-200x300.jpg\" alt=\"\" width=\"200\" height=\"300\" srcset=\"http:\/\/vocesver.com\/noticias\/wp-content\/uploads\/2019\/11\/KAREM2-200x300.jpg 200w, http:\/\/vocesver.com\/noticias\/wp-content\/uploads\/2019\/11\/KAREM2-768x1152.jpg 768w, http:\/\/vocesver.com\/noticias\/wp-content\/uploads\/2019\/11\/KAREM2-682x1024.jpg 682w, http:\/\/vocesver.com\/noticias\/wp-content\/uploads\/2019\/11\/KAREM2.jpg 853w\" sizes=\"auto, (max-width: 200px) 100vw, 200px\" \/><\/a><\/span><\/p>\n<\/li>\n<li>\n<p class=\"x_gmail-western\"><span style=\"font-family: Calibri, serif;\">Y Rosal\u00eda Victorio, la Princesa\u00a0 \u00a0 <\/span><\/p>\n<\/li>\n<li>\n<p class=\"x_gmail-western\"><span style=\"font-family: Calibri, serif;\">\u00a0AUSENCIO RIVERA\/VOCESVER.COM\/NOTICIAS<\/span><\/p>\n<\/li>\n<\/ul>\n<p class=\"x_gmail-western\" align=\"justify\"><span style=\"font-family: Calibri, serif;\"><b>Veracruz, Ver., a\u00a0<\/b><\/span><span style=\"font-family: Calibri, serif;\"><b>viernes 22\u00a0<\/b><\/span><span style=\"font-family: Calibri, serif;\"><b>de noviembre de 2019.-\u00a0<\/b><\/span><span style=\"font-family: Calibri, serif;\">La candidata\u00a0<\/span><span style=\"font-family: Calibri, serif;\">del distintivo dorado,\u00a0<\/span><span style=\"font-family: Calibri, serif;\">Kerem Happuc Ju\u00e1rez S\u00e1nchez,\u00a0<\/span><span style=\"font-family: Calibri, serif;\">fue electa\u00a0<\/span><span style=\"font-family: Calibri, serif;\">como reina del Carnaval de Veracruz 2020 \u201cEl m\u00e1s alegre y seguro del mundo\u201d,\u00a0<\/span><span style=\"font-family: Calibri, serif;\">inform\u00f3 en rueda de prensa el presidente del comit\u00e9 organizador,\u00a0<\/span><span style=\"font-family: Calibri, serif;\">Luis Antonio P\u00e9rez Fraga.<\/span><\/p>\n<p class=\"x_gmail-western\" align=\"justify\"><span style=\"font-family: Calibri, serif;\">A<\/span><span style=\"font-family: Calibri, serif;\">simismo, hizo lo propio con l<\/span><span style=\"font-family: Calibri, serif;\">a candidata Rosal\u00eda de los \u00c1ngeles Victorio Avenda\u00f1o\u00a0<\/span><span style=\"font-family: Calibri, serif;\">d<\/span><span style=\"font-family: Calibri, serif;\">el distintivo blanco,\u00a0<\/span><span style=\"font-family: Calibri, serif;\">al nombrarla como Princesa I de la festividad que se llevar\u00e1 a cabo del\u00a0<\/span><span style=\"font-family: Calibri, serif;\">19 al 25 de febrero del siguiente a\u00f1o.<\/span><\/p>\n<p class=\"x_gmail-western\" align=\"justify\"><span style=\"font-family: Calibri, serif;\">En este tenor, el responsable de la organizaci\u00f3n de los festejos del Rey Momo dio a conocer que esta determinaci\u00f3n se dio a causa de un error en el procedimiento al momento de depositar un cheque a favor de la candidata con el distintivo blanco por parte de sus familiares y que tardar\u00eda tres d\u00edas en reflejar su monto, por lo que se incumple con el reglamento de que el d\u00eda 21 de noviembre era la fecha l\u00edmite para el c\u00f3mputo de continuidad, ya que el cheque no era certificado.<\/span><\/p>\n<p class=\"x_gmail-western\" align=\"justify\"><span style=\"font-family: Calibri, serif;\">Por lo que, tal como lo faculta el reglamento interno, el preside<\/span><span style=\"font-family: Calibri, serif;\">nte<\/span><span style=\"font-family: Calibri, serif;\">\u00a0de dicho comit\u00e9<\/span><span style=\"font-family: Calibri, serif;\">\u00a0<\/span><span style=\"font-family: Calibri, serif;\">procedi\u00f3 a hacer el anuncio formal por el esfuerzo realizado por Rosal\u00eda y su familia;\u00a0<\/span><span style=\"font-family: Calibri, serif;\">de la misma manera, felicit\u00f3 a ambas candidatas por su entusiasmo ya que\u00a0<\/span><span style=\"font-family: Calibri, serif;\">por instrucciones del alcalde Fernando Yunes M\u00e1rquez, este carnaval ser\u00e1 un evento de gran alegr\u00eda e integraci\u00f3n para todas las y los veracruzanos<\/span><span style=\"font-family: Calibri, serif;\">.<\/span><\/p>\n","protected":false},"excerpt":{"rendered":"<p>Y Rosal\u00eda Victorio, la Princesa\u00a0 \u00a0 \u00a0AUSENCIO RIVERA\/VOCESVER.COM\/NOTICIAS Veracruz, Ver., a\u00a0viernes 22\u00a0de noviembre de 2019.-\u00a0La candidata\u00a0del distintivo dorado,\u00a0Kerem Happuc Ju\u00e1rez<\/p>\n","protected":false},"author":2,"featured_media":19101,"comment_status":"open","ping_status":"open","sticky":false,"template":"","format":"standard","meta":{"colormag_page_container_layout":"default_layout","colormag_page_sidebar_layout":"default_layout","footnotes":""},"categories":[2],"tags":[],"class_list":["post-19098","post","type-post","status-publish","format-standard","has-post-thumbnail","hentry","category-infogral"],"_links":{"self":[{"href":"http:\/\/vocesver.com\/noticias\/wp-json\/wp\/v2\/posts\/19098","targetHints":{"allow":["GET"]}}],"collection":[{"href":"http:\/\/vocesver.com\/noticias\/wp-json\/wp\/v2\/posts"}],"about":[{"href":"http:\/\/vocesver.com\/noticias\/wp-json\/wp\/v2\/types\/post"}],"author":[{"embeddable":true,"href":"http:\/\/vocesver.com\/noticias\/wp-json\/wp\/v2\/users\/2"}],"replies":[{"embeddable":true,"href":"http:\/\/vocesver.com\/noticias\/wp-json\/wp\/v2\/comments?post=19098"}],"version-history":[{"count":4,"href":"http:\/\/vocesver.com\/noticias\/wp-json\/wp\/v2\/posts\/19098\/revisions"}],"predecessor-version":[{"id":19105,"href":"http:\/\/vocesver.com\/noticias\/wp-json\/wp\/v2\/posts\/19098\/revisions\/19105"}],"wp:featuredmedia":[{"embeddable":true,"href":"http:\/\/vocesver.com\/noticias\/wp-json\/wp\/v2\/media\/19101"}],"wp:attachment":[{"href":"http:\/\/vocesver.com\/noticias\/wp-json\/wp\/v2\/media?parent=19098"}],"wp:term":[{"taxonomy":"category","embeddable":true,"href":"http:\/\/vocesver.com\/noticias\/wp-json\/wp\/v2\/categories?post=19098"},{"taxonomy":"post_tag","embeddable":true,"href":"http:\/\/vocesver.com\/noticias\/wp-json\/wp\/v2\/tags?post=19098"}],"curies":[{"name":"wp","href":"https:\/\/api.w.org\/{rel}","templated":true}]}}