{"id":19052,"date":"2019-11-21T20:19:27","date_gmt":"2019-11-21T20:19:27","guid":{"rendered":"http:\/\/vocesver.com\/noticias\/?p=19052"},"modified":"2019-11-21T22:12:00","modified_gmt":"2019-11-21T22:12:00","slug":"marinos-mercantes-esperan-que-camara-de-diputados-retire-iniciativa-de-militarizar-el-transporte-maritimoarf","status":"publish","type":"post","link":"http:\/\/vocesver.com\/noticias\/marinos-mercantes-esperan-que-camara-de-diputados-retire-iniciativa-de-militarizar-el-transporte-maritimoarf\/","title":{"rendered":"MARINOS MERCANTES DEMANDAN QUE C\u00c1MARA DE DIPUTADOS RETIRE INICIATIVA DE MILITARIZAR EL TRANSPORTE MAR\u00cdTIMO:ARF"},"content":{"rendered":"<p><a href=\"http:\/\/vocesver.com\/noticias\/wp-content\/uploads\/2019\/11\/militaras.jpg\"><img loading=\"lazy\" decoding=\"async\" class=\"alignnone size-medium wp-image-19059\" src=\"http:\/\/vocesver.com\/noticias\/wp-content\/uploads\/2019\/11\/militaras-300x225.jpg\" alt=\"\" width=\"300\" height=\"225\" srcset=\"http:\/\/vocesver.com\/noticias\/wp-content\/uploads\/2019\/11\/militaras-300x225.jpg 300w, http:\/\/vocesver.com\/noticias\/wp-content\/uploads\/2019\/11\/militaras-768x576.jpg 768w, http:\/\/vocesver.com\/noticias\/wp-content\/uploads\/2019\/11\/militaras-1024x768.jpg 1024w, http:\/\/vocesver.com\/noticias\/wp-content\/uploads\/2019\/11\/militaras.jpg 1280w\" sizes=\"auto, (max-width: 300px) 100vw, 300px\" \/><\/a><a href=\"http:\/\/vocesver.com\/noticias\/wp-content\/uploads\/2019\/11\/militaras2.jpg\"><img loading=\"lazy\" decoding=\"async\" class=\"alignnone size-medium wp-image-19061\" src=\"http:\/\/vocesver.com\/noticias\/wp-content\/uploads\/2019\/11\/militaras2-300x225.jpg\" alt=\"\" width=\"300\" height=\"225\" srcset=\"http:\/\/vocesver.com\/noticias\/wp-content\/uploads\/2019\/11\/militaras2-300x225.jpg 300w, http:\/\/vocesver.com\/noticias\/wp-content\/uploads\/2019\/11\/militaras2-768x576.jpg 768w, http:\/\/vocesver.com\/noticias\/wp-content\/uploads\/2019\/11\/militaras2-1024x768.jpg 1024w, http:\/\/vocesver.com\/noticias\/wp-content\/uploads\/2019\/11\/militaras2.jpg 1280w\" sizes=\"auto, (max-width: 300px) 100vw, 300px\" \/><\/a><\/p>\n<p>\u00b0Su aprobaci\u00f3n ser\u00eda un retroceso para el pa\u00eds ya que en el futuro se har\u00eda lo mismo con el transporte terrestre y el a\u00e9reo.<\/p>\n<p>\u00b0Consideran que ese tipo de iniciativas la est\u00e9 impulsando el diputado Mario Delgado por ignorancia.<\/p>\n<p>\u00b0En el caso del diputado \u00abcomod\u00edn\u00bb Julio Carranza lo pudiera estar haciendo de mala f\u00e9.<\/p>\n<p>\u00b0Ya se form\u00f3 una Coalici\u00f3n que buscar\u00e1 por todos los medios echar abajo esa iniciativa.<\/p>\n<p>AUSENCIO RIVERA\/VOCESVER.COM\/NOTICIAS<\/p>\n<p>Veracruz,Ver.- a 21 de Noviembre 2019.-Adem\u00e1s de inaceptable ser\u00eda un grave\u00a0 retroceso para el pa\u00eds que el Poder Legislativo militarizar\u00e1 el transporte mar\u00edtimo, terrestre y a\u00e9reo afirm\u00f3 de manera contundente el Capit\u00e1n de Altura Antonio Rodr\u00edguez Fritz secretario de trabajo de la Orden de Capitanes y Pilotos Navales de la Rep\u00fablica Mexicana(OCPNRM) y,quien agreg\u00f3 as\u00ed lo hemos hecho saber a\u00a0 los diputados de los diferentes grupos parlamentarios y Senadores.<\/p>\n<p>Entrevistado luego de retornar de la Ciudad de M\u00e9xico donde han sostuvo reuniones con legisladores\u00a0 y a quienes tambi\u00e9n se les ha pedido que la iniciativa de Ley que ha presentado en ese sentido en la C\u00e1mara de Diputados Mario Delgado conjuntamente con el diputado \u00abcomod\u00edn\u00bb Julio Carranza no la aprueben ya que de hacerlos los da\u00f1os al sector civil y para el pa\u00eds ser\u00edan de fatales consecuencias.<\/p>\n<p>Explic\u00f3 que en el caso del Diputado Mario Delgado \u00abpudiera uno pensar que por ignorancia est\u00e1 promoviendo la militarizaci\u00f3n de la Marina Mercante Nacional, mientras que en el caso del veracruzano Julio Carranza\u00a0 nosotros no creemos que \u00e9ste sea totalmente ignorante del tema, probablemente pudi\u00e9ramos pensar lo est\u00e1 haciendo de mala fe\u00bb.<\/p>\n<p>Explic\u00f3 que en estos momentos la Coalici\u00f3n de Marinos que se opone a la aprobaci\u00f3n de este tipo de iniciativas \u00abestamos esperando que se reanude el proceso parlamentario en C\u00e1mara de Diputados,\u00bb ahorita est\u00e1 la discusi\u00f3n del presupuesto que entendemos es absolutamente crucial para el pa\u00eds\u00bb<\/p>\n<p>Nosotros esperamos que en el futuro esa iniciativa del diputado Mario Delgado sea retirada, al tiempo que dijo: es inconcebible que un diputado de Morena que vot\u00f3 como senador en contra\u00a0 de la iniciativa del expresidente Enrique Pe\u00f1a Nieto de militarizar al transporte, ahora la est\u00e9 rescatando.<\/p>\n<p>\u00abNuestra postura es que esa iniciativa que ser\u00eda lesiva para el sector social y principalmente para el pa\u00eds sea retirada y en su lugar los diputados aprueben la iniciativa de la tambi\u00e9n diputada morenista Juana Carrillo Luna que busca devolver al car\u00e1cter civil todo lo que es inminentemente civil,incluyendo a las Capitan\u00edas de Puerto que est\u00e1n inmoralmente usurpadas por las fuerzas armadas.<\/p>\n<p>Dijo que es dif\u00edcil saber a que se debe el cambio del legislador antes mencionado, no sabemos si tenga alguna cuesti\u00f3n de car\u00e1cter personal \u00abporque evidentemente se gener\u00e1n negocios con este proceso, hay que recordar\u00a0 que en el caso de la SCT conforme a las leyes de todas las secretar\u00edas civiles tiene que efectuar procesos de licitaci\u00f3n de cada uno de los servicios\u00bb.<\/p>\n<p>Explic\u00f3 que las dos iniciativas provienen del mismo partido, es decir, la iniciativa que busca retornar al poder civil\u00a0 todo lo que es netamente comercial y civil fue presentada por una diputada de Morena\u00a0 y la iniciativa que busca militarizar en tiempos de paz todo un sector productivo del transporte tambi\u00e9n viene de ese partido.<\/p>\n<p>Al rechazar que en esta iniciativa haya l\u00ednea del Ejecutivo Federal, el entrevistado dijo que para echar abajo a esa propuesta se ha integrado una Coalici\u00f3n donde participan diversos sindicatos como:la OCPNRM), La Uni\u00f3n Nacional de Merineros, la ASOMMMN,Colegios Profesionales de Marinos Mercantes de los Estado de Tamaulipas, Veracruz, Tabasco, Campeche, Oaxaca, Sonora, Sinaloa,Baja California Norte, diferentes asociaciones como el Grupo Consultivo Mar\u00edtimo y Portuario,un grupo de Asesor\u00eda para la Marina Mercante de la Ciudad de M\u00e9xico entre otras organizaciones de marinos que se encuentran activas en el pa\u00eds y que comprenden que la aprobaci\u00f3n del transporte mar\u00edtimo ser\u00edan un total retroceso para el pa\u00eds.<\/p>\n<p>Es tan grave lo que plantea el Diputado Mario Delgado con esa iniciativa que de aprobarse el puerto de Veracruz se convertir\u00eda en una Zona Militar, a eso apunta \u00abporque hasta los permisos de infraestructura y de construcci\u00f3n los otorgar\u00eda la milicia\u00bb.<\/p>\n<p>Pero adem\u00e1s esto ser\u00eda totalmente ilegal \u00abporque el art\u00edculo 129 de la Constituci\u00f3n establece con claridad que en tiempos de paz los militares solamente podr\u00e1n encargarse de la funciones espec\u00edficamente de car\u00e1cter de seguridad militar, no pueden ocupar cargos civiles, subrray\u00f3.<\/p>\n<p>&nbsp;<\/p>\n<p>&nbsp;<\/p>\n<p>&nbsp;<\/p>\n","protected":false},"excerpt":{"rendered":"<p>\u00b0Su aprobaci\u00f3n ser\u00eda un retroceso para el pa\u00eds ya que en el futuro se har\u00eda lo mismo con el transporte<\/p>\n","protected":false},"author":2,"featured_media":19054,"comment_status":"open","ping_status":"open","sticky":false,"template":"","format":"standard","meta":{"colormag_page_container_layout":"default_layout","colormag_page_sidebar_layout":"default_layout","footnotes":""},"categories":[2],"tags":[],"class_list":["post-19052","post","type-post","status-publish","format-standard","has-post-thumbnail","hentry","category-infogral"],"_links":{"self":[{"href":"http:\/\/vocesver.com\/noticias\/wp-json\/wp\/v2\/posts\/19052","targetHints":{"allow":["GET"]}}],"collection":[{"href":"http:\/\/vocesver.com\/noticias\/wp-json\/wp\/v2\/posts"}],"about":[{"href":"http:\/\/vocesver.com\/noticias\/wp-json\/wp\/v2\/types\/post"}],"author":[{"embeddable":true,"href":"http:\/\/vocesver.com\/noticias\/wp-json\/wp\/v2\/users\/2"}],"replies":[{"embeddable":true,"href":"http:\/\/vocesver.com\/noticias\/wp-json\/wp\/v2\/comments?post=19052"}],"version-history":[{"count":8,"href":"http:\/\/vocesver.com\/noticias\/wp-json\/wp\/v2\/posts\/19052\/revisions"}],"predecessor-version":[{"id":19063,"href":"http:\/\/vocesver.com\/noticias\/wp-json\/wp\/v2\/posts\/19052\/revisions\/19063"}],"wp:featuredmedia":[{"embeddable":true,"href":"http:\/\/vocesver.com\/noticias\/wp-json\/wp\/v2\/media\/19054"}],"wp:attachment":[{"href":"http:\/\/vocesver.com\/noticias\/wp-json\/wp\/v2\/media?parent=19052"}],"wp:term":[{"taxonomy":"category","embeddable":true,"href":"http:\/\/vocesver.com\/noticias\/wp-json\/wp\/v2\/categories?post=19052"},{"taxonomy":"post_tag","embeddable":true,"href":"http:\/\/vocesver.com\/noticias\/wp-json\/wp\/v2\/tags?post=19052"}],"curies":[{"name":"wp","href":"https:\/\/api.w.org\/{rel}","templated":true}]}}