{"id":17167,"date":"2019-09-10T18:58:39","date_gmt":"2019-09-10T18:58:39","guid":{"rendered":"http:\/\/vocesver.com\/noticias\/?p=17167"},"modified":"2019-09-10T23:20:42","modified_gmt":"2019-09-10T23:20:42","slug":"estamos-seguros-que-el-c-p-felix-martinez-alvarez-hara-un-buen-papel-en-el-orfisguzman-de-grapha","status":"publish","type":"post","link":"http:\/\/vocesver.com\/noticias\/estamos-seguros-que-el-c-p-felix-martinez-alvarez-hara-un-buen-papel-en-el-orfisguzman-de-grapha\/","title":{"rendered":"ESTAMOS SEGUROS QUE EL C.P. F\u00c9LIX MART\u00cdNEZ ALVAREZ HAR\u00c1 UN BUEN PAPEL EN EL ORFIS:GUZM\u00c1N DE GRAPHA."},"content":{"rendered":"<p>\u00b0De los\u00a0 68 aspirantes es el mejor preparado y, estamos seguros que \u00e9l va a ganar.<\/p>\n<p>\u00b0Es una persona trabajadora, honesta y transparente.<\/p>\n<p>\u00b0Adem\u00e1s de que tiene mucha experiencia en cuestiones fiscales, es un hombre de gran coraz\u00f3n.<\/p>\n<p>AUSENCIO RIVERA\/VOCESVER.COM\/NOTICIAS<\/p>\n<p>Veracruz,Ver.-a 10 de Septiembre 2019.- De los 68 aspirantes que existen para buscar la titularidad del Organo de Fiscalizaci\u00f3n del Estado de Veracruz(ORFIS) el contador p\u00fablico de profesi\u00f3n F\u00e9lix Mart\u00ednez Alvarez es el que va\u00a0 ganar,pero adem\u00e1s estamos seguros que har\u00e1 un buen papel en esa instituci\u00f3n.<\/p>\n<p>As\u00ed lo se\u00f1al\u00f3 la empresaria tur\u00edstica Concepci\u00f3n Guzm\u00e1n de Grapha y quien agreg\u00f3 estamos seguros que \u00e9l har\u00e1 un buen papel en esa instituci\u00f3n \u00abporque lo que necesitamos\u00a0 ah\u00ed es que haya una persona honesta, trabajadora,\u00a0 con criterio y sobre todo que este bien preparada en la materia para que exista una adecuada rendici\u00f3n de cuentas\u00bb.<\/p>\n<p>Entrevistada en el marco de la rueda de prensa que ofreci\u00f3 esta ma\u00f1ana el aspirante al ORFIS en conocido caf\u00e9 de la zona conurbada,la tambi\u00e9n jefa de relaciones p\u00fablicas del Distrito 4985 del Club Rotario \u00abLibertad\u00bb destac\u00f3 que esta persona es un buen hombre.<\/p>\n<p>Es un excelente profesionista, es una persona que tienen mucha experiencia en lo que hace,tiene mucha honestidad, es muy transparente y, sobre todo escucha por igual a todas las personas.<\/p>\n<p>Adem\u00e1s tiene un gran coraz\u00f3n porque tambi\u00e9n es rotario y ayuda mucho a las comunidades de escasos recursos.<\/p>\n<p>&nbsp;<\/p>\n","protected":false},"excerpt":{"rendered":"<p>\u00b0De los\u00a0 68 aspirantes es el mejor preparado y, estamos seguros que \u00e9l va a ganar. \u00b0Es una persona trabajadora,<\/p>\n","protected":false},"author":2,"featured_media":17169,"comment_status":"open","ping_status":"open","sticky":false,"template":"","format":"standard","meta":{"colormag_page_container_layout":"default_layout","colormag_page_sidebar_layout":"default_layout","footnotes":""},"categories":[2],"tags":[],"class_list":["post-17167","post","type-post","status-publish","format-standard","has-post-thumbnail","hentry","category-infogral"],"_links":{"self":[{"href":"http:\/\/vocesver.com\/noticias\/wp-json\/wp\/v2\/posts\/17167","targetHints":{"allow":["GET"]}}],"collection":[{"href":"http:\/\/vocesver.com\/noticias\/wp-json\/wp\/v2\/posts"}],"about":[{"href":"http:\/\/vocesver.com\/noticias\/wp-json\/wp\/v2\/types\/post"}],"author":[{"embeddable":true,"href":"http:\/\/vocesver.com\/noticias\/wp-json\/wp\/v2\/users\/2"}],"replies":[{"embeddable":true,"href":"http:\/\/vocesver.com\/noticias\/wp-json\/wp\/v2\/comments?post=17167"}],"version-history":[{"count":3,"href":"http:\/\/vocesver.com\/noticias\/wp-json\/wp\/v2\/posts\/17167\/revisions"}],"predecessor-version":[{"id":17198,"href":"http:\/\/vocesver.com\/noticias\/wp-json\/wp\/v2\/posts\/17167\/revisions\/17198"}],"wp:featuredmedia":[{"embeddable":true,"href":"http:\/\/vocesver.com\/noticias\/wp-json\/wp\/v2\/media\/17169"}],"wp:attachment":[{"href":"http:\/\/vocesver.com\/noticias\/wp-json\/wp\/v2\/media?parent=17167"}],"wp:term":[{"taxonomy":"category","embeddable":true,"href":"http:\/\/vocesver.com\/noticias\/wp-json\/wp\/v2\/categories?post=17167"},{"taxonomy":"post_tag","embeddable":true,"href":"http:\/\/vocesver.com\/noticias\/wp-json\/wp\/v2\/tags?post=17167"}],"curies":[{"name":"wp","href":"https:\/\/api.w.org\/{rel}","templated":true}]}}