{"id":17107,"date":"2019-09-07T20:49:44","date_gmt":"2019-09-07T20:49:44","guid":{"rendered":"http:\/\/vocesver.com\/noticias\/?p=17107"},"modified":"2019-09-07T20:54:06","modified_gmt":"2019-09-07T20:54:06","slug":"este-domingo-habra-rumbata-del-carnavalpor-independencia","status":"publish","type":"post","link":"http:\/\/vocesver.com\/noticias\/este-domingo-habra-rumbata-del-carnavalpor-independencia\/","title":{"rendered":"ESTE DOMINGO HABR\u00c1 \u00abRUMBATA DEL CARNAVAL\u00bbPOR INDEPENDENCIA."},"content":{"rendered":"<p class=\"x_gmail-MsoListParagraph\"><a href=\"http:\/\/vocesver.com\/noticias\/wp-content\/uploads\/2019\/09\/RUMVBAS3.jpeg\"><img loading=\"lazy\" decoding=\"async\" class=\"alignnone size-medium wp-image-17112\" src=\"http:\/\/vocesver.com\/noticias\/wp-content\/uploads\/2019\/09\/RUMVBAS3-214x300.jpeg\" alt=\"\" width=\"214\" height=\"300\" srcset=\"http:\/\/vocesver.com\/noticias\/wp-content\/uploads\/2019\/09\/RUMVBAS3-214x300.jpeg 214w, http:\/\/vocesver.com\/noticias\/wp-content\/uploads\/2019\/09\/RUMVBAS3.jpeg 732w\" sizes=\"auto, (max-width: 214px) 100vw, 214px\" \/><\/a><a href=\"http:\/\/vocesver.com\/noticias\/wp-content\/uploads\/2019\/09\/RUMBAS2.jpeg\"><img loading=\"lazy\" decoding=\"async\" class=\"alignnone size-medium wp-image-17110\" src=\"http:\/\/vocesver.com\/noticias\/wp-content\/uploads\/2019\/09\/RUMBAS2-300x225.jpeg\" alt=\"\" width=\"300\" height=\"225\" srcset=\"http:\/\/vocesver.com\/noticias\/wp-content\/uploads\/2019\/09\/RUMBAS2-300x225.jpeg 300w, http:\/\/vocesver.com\/noticias\/wp-content\/uploads\/2019\/09\/RUMBAS2-768x576.jpeg 768w, http:\/\/vocesver.com\/noticias\/wp-content\/uploads\/2019\/09\/RUMBAS2.jpeg 1024w\" sizes=\"auto, (max-width: 300px) 100vw, 300px\" \/><\/a>\u00b7\u00a0\u00a0\u00a0\u00a0\u00a0\u00a0\u00a0\u00a0\u00a0A las 19:00 horas<\/p>\n<p>AUSENCIO RIVERA\/VOCESVER.COM\/NOTICIAS<\/p>\n<p class=\"x_MsoNormal\"><b>H. Veracruz, Ver., a s\u00e1bado 07 de septiembre de 2019.-<\/b>\u00a0Con la alegr\u00eda caracter\u00edstica del pueblo veracruzano y con motivo del d\u00e9cimo aniversario de la Asociaci\u00f3n Aut\u00f3noma de Comparsas, Bastoneras y Batucadas, que preside Susana Ortiz, el pr\u00f3ximo domingo 08 de septiembre se efectuar\u00e1 la \u201cRumbata de Carnaval\u201d por la avenida Independencia a las 19:00 horas.<\/p>\n<p class=\"x_MsoNormal\">Por esta raz\u00f3n, el presidente del comit\u00e9 del Carnaval 2020, Luis Antonio P\u00e9rez Fraga, hizo una atenta invitaci\u00f3n a la ciudadan\u00eda para que asista a disfrutar de este acontecimiento en donde se contar\u00e1 con la participaci\u00f3n de m\u00e1s de 15 grupos de comparsas, batucadas, bastoneras, academias, adem\u00e1s de carros aleg\u00f3ricos que llevar\u00e1n una trayectoria desde la calle Ray\u00f3n, a la altura del edificio de Bomberos de Veracruz y que continuar\u00e1 por toda la avenida Independencia para finalizar a la altura de la calle Benito Ju\u00e1rez en el centro de la ciudad.<\/p>\n<p class=\"x_MsoNormal\">Explic\u00f3 que se trata de agrupaciones que dar\u00e1n muestra de atractivas coreograf\u00edas, coloridos vestuarios, m\u00fasica y luces para deleite de las familias locales y for\u00e1neas, por lo que dijo que, las personas podr\u00e1n mantenerse al tanto a trav\u00e9s de la p\u00e1gina web:\u00a0<a href=\"http:\/\/carnavaldeveracruz.com.mx\/\" target=\"_blank\" rel=\"noopener noreferrer\" data-auth=\"NotApplicable\">http:\/\/carnavaldeveracruz.com.mx\/<\/a>\u00a0y de sus redes oficiales.<\/p>\n<div class=\"x_gmail_signature\" dir=\"ltr\">\n<div dir=\"ltr\">\n<div>\n<div dir=\"ltr\">\n<div>\n<div dir=\"ltr\">\n<div>\n<div dir=\"ltr\">\n<div>\n<div dir=\"ltr\">\n<div dir=\"ltr\"><\/div>\n<\/div>\n<\/div>\n<\/div>\n<\/div>\n<\/div>\n<\/div>\n<\/div>\n<\/div>\n<\/div>\n<\/div>\n","protected":false},"excerpt":{"rendered":"<p>\u00b7\u00a0\u00a0\u00a0\u00a0\u00a0\u00a0\u00a0\u00a0\u00a0A las 19:00 horas AUSENCIO RIVERA\/VOCESVER.COM\/NOTICIAS H. Veracruz, Ver., a s\u00e1bado 07 de septiembre de 2019.-\u00a0Con la alegr\u00eda caracter\u00edstica del<\/p>\n","protected":false},"author":2,"featured_media":17109,"comment_status":"open","ping_status":"open","sticky":false,"template":"","format":"standard","meta":{"colormag_page_container_layout":"default_layout","colormag_page_sidebar_layout":"default_layout","footnotes":""},"categories":[2],"tags":[],"class_list":["post-17107","post","type-post","status-publish","format-standard","has-post-thumbnail","hentry","category-infogral"],"_links":{"self":[{"href":"http:\/\/vocesver.com\/noticias\/wp-json\/wp\/v2\/posts\/17107","targetHints":{"allow":["GET"]}}],"collection":[{"href":"http:\/\/vocesver.com\/noticias\/wp-json\/wp\/v2\/posts"}],"about":[{"href":"http:\/\/vocesver.com\/noticias\/wp-json\/wp\/v2\/types\/post"}],"author":[{"embeddable":true,"href":"http:\/\/vocesver.com\/noticias\/wp-json\/wp\/v2\/users\/2"}],"replies":[{"embeddable":true,"href":"http:\/\/vocesver.com\/noticias\/wp-json\/wp\/v2\/comments?post=17107"}],"version-history":[{"count":3,"href":"http:\/\/vocesver.com\/noticias\/wp-json\/wp\/v2\/posts\/17107\/revisions"}],"predecessor-version":[{"id":17113,"href":"http:\/\/vocesver.com\/noticias\/wp-json\/wp\/v2\/posts\/17107\/revisions\/17113"}],"wp:featuredmedia":[{"embeddable":true,"href":"http:\/\/vocesver.com\/noticias\/wp-json\/wp\/v2\/media\/17109"}],"wp:attachment":[{"href":"http:\/\/vocesver.com\/noticias\/wp-json\/wp\/v2\/media?parent=17107"}],"wp:term":[{"taxonomy":"category","embeddable":true,"href":"http:\/\/vocesver.com\/noticias\/wp-json\/wp\/v2\/categories?post=17107"},{"taxonomy":"post_tag","embeddable":true,"href":"http:\/\/vocesver.com\/noticias\/wp-json\/wp\/v2\/tags?post=17107"}],"curies":[{"name":"wp","href":"https:\/\/api.w.org\/{rel}","templated":true}]}}