{"id":17097,"date":"2019-09-07T20:39:40","date_gmt":"2019-09-07T20:39:40","guid":{"rendered":"http:\/\/vocesver.com\/noticias\/?p=17097"},"modified":"2019-09-07T20:47:10","modified_gmt":"2019-09-07T20:47:10","slug":"lider-nacional-de-la-croc-responsabiliza-a-congreso-de-veracruz-sobre-la-forma-en-que-actuara-la-fiscalia","status":"publish","type":"post","link":"http:\/\/vocesver.com\/noticias\/lider-nacional-de-la-croc-responsabiliza-a-congreso-de-veracruz-sobre-la-forma-en-que-actuara-la-fiscalia\/","title":{"rendered":"LIDER NACIONAL DE LA CROC RESPONSABILIZA A CONGRESO DE VERACRUZ SOBRE LA FORMA EN QUE ACTUAR\u00c1 LA FISCAL\u00cdA."},"content":{"rendered":"<p dir=\"ltr\"><a href=\"http:\/\/vocesver.com\/noticias\/wp-content\/uploads\/2019\/09\/croc2-1.jpg\"><img loading=\"lazy\" decoding=\"async\" class=\"alignnone size-medium wp-image-17102\" src=\"http:\/\/vocesver.com\/noticias\/wp-content\/uploads\/2019\/09\/croc2-1-225x300.jpg\" alt=\"\" width=\"225\" height=\"300\" srcset=\"http:\/\/vocesver.com\/noticias\/wp-content\/uploads\/2019\/09\/croc2-1-225x300.jpg 225w, http:\/\/vocesver.com\/noticias\/wp-content\/uploads\/2019\/09\/croc2-1-768x1024.jpg 768w, http:\/\/vocesver.com\/noticias\/wp-content\/uploads\/2019\/09\/croc2-1.jpg 960w\" sizes=\"auto, (max-width: 225px) 100vw, 225px\" \/><\/a><a href=\"http:\/\/vocesver.com\/noticias\/wp-content\/uploads\/2019\/09\/croc-1.jpg\"><img loading=\"lazy\" decoding=\"async\" class=\"alignnone size-medium wp-image-17105\" src=\"http:\/\/vocesver.com\/noticias\/wp-content\/uploads\/2019\/09\/croc-1-300x225.jpg\" alt=\"\" width=\"300\" height=\"225\" srcset=\"http:\/\/vocesver.com\/noticias\/wp-content\/uploads\/2019\/09\/croc-1-300x225.jpg 300w, http:\/\/vocesver.com\/noticias\/wp-content\/uploads\/2019\/09\/croc-1-768x576.jpg 768w, http:\/\/vocesver.com\/noticias\/wp-content\/uploads\/2019\/09\/croc-1-1024x768.jpg 1024w, http:\/\/vocesver.com\/noticias\/wp-content\/uploads\/2019\/09\/croc-1.jpg 1280w\" sizes=\"auto, (max-width: 300px) 100vw, 300px\" \/><\/a><\/p>\n<p dir=\"ltr\">POR:ALEJANDRO MURRIETA\/VOCESVER.COM\/NOTICIAS<\/p>\n<p dir=\"ltr\">\u00a0 \u00a0 Boca del R\u00edo, Ver. a 7 de Septiembre 2019.- Para el l\u00edder nacional de la CROC, Isa\u00edas Gonz\u00e0lez Cuevas, el Congreso de Veracruz ser\u00e1 el responsable de la actuaci\u00f3n que tenga la fiscal\u00eda.<br \/>\nDijo que ser\u00e1 responsabilidad \u00fanicamente del congreso que el fiscal que se designe tras la salida de Jorge Winkler, sea profesional, independiente y aut\u00f3nomo para poder llevar al cabo su gesti\u00f3n.<br \/>\nEn entrevista, dijo que le ha tocado ver esos movimientos a nivel nacional, cuando hay un cambio de r\u00e9gimen y de ideolog\u00eda, Y mencion\u00f3 que los trabajadores esperan resultados para que no se convierta esto en un cambio de persona solamente.<br \/>\nPor otra parte, aval\u00f3 el proyecto social del gobierno federal para apoyar econ\u00f3micamente a m\u00e1s de 70 millones de pobres en M\u00e9xico y dijo que \u201cno es malo que el Presidente Andr\u00e9s Manuel L\u00f3pez Obrador destine recursos para apoyar a los pobres, pues eso no lo vemos mal\u201d.<br \/>\n\u201cQuiere apoyar a la gente de escasos recursos -dijo el dirigente-, est\u00e1 aplicando un programa social y haciendo llegar dinero a los estudiantes, a la gente de la tercera edad, a las estancias infantiles, quiere apoyar con ello a la gente que no ten\u00eda dinero y que se va a fortalecer con esos recursos, eso beneficia al comercio y ayuda a que tanta gente pueda llevar alimentos a su mesa lo cual para nosotros est\u00e1 muy bien\u201d.<br \/>\nY sigui\u00f3 \u201cSe trata de apoyar a 55 millones de pobres y 9 millones que se encuentran en la pobreza extrema, eso no lo podemos ver mal, de ah\u00ed se suman 10 millones de j\u00f3venes a los que se les apoya con el programa de becas y de esa forma pueden salir adelante y continuar con sus estudios\u201d<br \/>\nIsa\u00edas Gonz\u00e1lez Cuevas lleg\u00f3 a Veracruz para participar en un encuentro nacional de l\u00edderes de CROC y platicar con los trabajadores acerca de la reforma laboral.<br \/>\nEstuvo Acompa\u00f1ado del Secretario General de la CROC en el estado Antonino Baxzi Mata y del dirigente de\u00a0 Gastron\u00f3micos de Quintana Roo Mario Machuca S\u00e1nchez y del local de Veracruz Alberto Portugal Alem\u00e1n.<br \/>\nPor parte de los lideres d\u00e9 CROC en el pa\u00eds asistieron David Aguilar Robles de Oaxaca; de Tlaxcala Justino Hern\u00e1ndez Xolocotzi, de Puebla Mario Arroyo Tenorio, de Hidalgo Rom\u00e1n Hern\u00e1ndez Andrade, de Tabasco Valdemar Carrera Carrera y Ana Mar\u00eda Torres Landa, de Xalapa Rodolfo Garc\u00eda Uscanga, asimismo, llegaron como invitados \u00c1ngel Su\u00e1rez Aguilar, Jaime Le\u00f3n Perea, Jos\u00e9 Luis Palomares Mart\u00ecnez, Jos\u00e9 Concepci\u00f3n Daza Landeta, Jorge Alejandro Dom\u00ednguez Lara, Jorge Sierra Gallardo, Juan Antonio la Bing Torres y Maximino Pasos M\u00e9ndez, as\u00ed como el Tesorero del CEN Hugo Ramos Ram\u00edrez, el\u00a0 Secretario de Relaciones Institucionales Eduardo V\u00e1zquez Mart\u00ednez y la ponente del tema de reforma laboral Leslie Berenice Barza Soto.<br \/>\n&#8212;<\/p>\n","protected":false},"excerpt":{"rendered":"<p>POR:ALEJANDRO MURRIETA\/VOCESVER.COM\/NOTICIAS \u00a0 \u00a0 Boca del R\u00edo, Ver. a 7 de Septiembre 2019.- Para el l\u00edder nacional de la CROC,<\/p>\n","protected":false},"author":2,"featured_media":17100,"comment_status":"open","ping_status":"open","sticky":false,"template":"","format":"standard","meta":{"colormag_page_container_layout":"default_layout","colormag_page_sidebar_layout":"default_layout","footnotes":""},"categories":[2],"tags":[],"class_list":["post-17097","post","type-post","status-publish","format-standard","has-post-thumbnail","hentry","category-infogral"],"_links":{"self":[{"href":"http:\/\/vocesver.com\/noticias\/wp-json\/wp\/v2\/posts\/17097","targetHints":{"allow":["GET"]}}],"collection":[{"href":"http:\/\/vocesver.com\/noticias\/wp-json\/wp\/v2\/posts"}],"about":[{"href":"http:\/\/vocesver.com\/noticias\/wp-json\/wp\/v2\/types\/post"}],"author":[{"embeddable":true,"href":"http:\/\/vocesver.com\/noticias\/wp-json\/wp\/v2\/users\/2"}],"replies":[{"embeddable":true,"href":"http:\/\/vocesver.com\/noticias\/wp-json\/wp\/v2\/comments?post=17097"}],"version-history":[{"count":4,"href":"http:\/\/vocesver.com\/noticias\/wp-json\/wp\/v2\/posts\/17097\/revisions"}],"predecessor-version":[{"id":17106,"href":"http:\/\/vocesver.com\/noticias\/wp-json\/wp\/v2\/posts\/17097\/revisions\/17106"}],"wp:featuredmedia":[{"embeddable":true,"href":"http:\/\/vocesver.com\/noticias\/wp-json\/wp\/v2\/media\/17100"}],"wp:attachment":[{"href":"http:\/\/vocesver.com\/noticias\/wp-json\/wp\/v2\/media?parent=17097"}],"wp:term":[{"taxonomy":"category","embeddable":true,"href":"http:\/\/vocesver.com\/noticias\/wp-json\/wp\/v2\/categories?post=17097"},{"taxonomy":"post_tag","embeddable":true,"href":"http:\/\/vocesver.com\/noticias\/wp-json\/wp\/v2\/tags?post=17097"}],"curies":[{"name":"wp","href":"https:\/\/api.w.org\/{rel}","templated":true}]}}