{"id":17086,"date":"2019-09-07T14:16:55","date_gmt":"2019-09-07T14:16:55","guid":{"rendered":"http:\/\/vocesver.com\/noticias\/?p=17086"},"modified":"2019-09-07T20:31:16","modified_gmt":"2019-09-07T20:31:16","slug":"esperan-que-con-caida-de-winckler-se-haga-justicia-a-ejidatarios-de-la-zona-norte-de-veracruzmoncayo-parra","status":"publish","type":"post","link":"http:\/\/vocesver.com\/noticias\/esperan-que-con-caida-de-winckler-se-haga-justicia-a-ejidatarios-de-la-zona-norte-de-veracruzmoncayo-parra\/","title":{"rendered":"ESPERAN CON CA\u00cdDA DE WINCKLER SE HAGA JUSTICIA A EJIDATARIOS DE LA ZONA NORTE DE VERACRUZ:MONCAYO PARRA."},"content":{"rendered":"<p><a href=\"http:\/\/vocesver.com\/noticias\/wp-content\/uploads\/2019\/09\/justi-1.jpg\"><img loading=\"lazy\" decoding=\"async\" class=\"alignnone size-medium wp-image-17091\" src=\"http:\/\/vocesver.com\/noticias\/wp-content\/uploads\/2019\/09\/justi-1-300x225.jpg\" alt=\"\" width=\"300\" height=\"225\" srcset=\"http:\/\/vocesver.com\/noticias\/wp-content\/uploads\/2019\/09\/justi-1-300x225.jpg 300w, http:\/\/vocesver.com\/noticias\/wp-content\/uploads\/2019\/09\/justi-1-768x576.jpg 768w, http:\/\/vocesver.com\/noticias\/wp-content\/uploads\/2019\/09\/justi-1-1024x768.jpg 1024w, http:\/\/vocesver.com\/noticias\/wp-content\/uploads\/2019\/09\/justi-1.jpg 1280w\" sizes=\"auto, (max-width: 300px) 100vw, 300px\" \/><\/a><a href=\"http:\/\/vocesver.com\/noticias\/wp-content\/uploads\/2019\/09\/justi2.jpg\"><img loading=\"lazy\" decoding=\"async\" class=\"alignnone size-medium wp-image-17089\" src=\"http:\/\/vocesver.com\/noticias\/wp-content\/uploads\/2019\/09\/justi2-300x225.jpg\" alt=\"\" width=\"300\" height=\"225\" srcset=\"http:\/\/vocesver.com\/noticias\/wp-content\/uploads\/2019\/09\/justi2-300x225.jpg 300w, http:\/\/vocesver.com\/noticias\/wp-content\/uploads\/2019\/09\/justi2-768x576.jpg 768w, http:\/\/vocesver.com\/noticias\/wp-content\/uploads\/2019\/09\/justi2-1024x768.jpg 1024w, http:\/\/vocesver.com\/noticias\/wp-content\/uploads\/2019\/09\/justi2.jpg 1280w\" sizes=\"auto, (max-width: 300px) 100vw, 300px\" \/><\/a><\/p>\n<p>\u00b0Javier Ruiz se ostenta como propietario de 580 hect\u00e1reas,cuando existen sus leg\u00edtimos due\u00f1os.<\/p>\n<p>\u00b0El MRD festeja la\u00a0 ca\u00edda del exfiscal ya que durante su gesti\u00f3n protegi\u00f3 mas a los ricos que a los pobres.<\/p>\n<p>POR:ALEJANDRO MURRIETA\/VOCESVER.COM\/NOTICIAS<\/p>\n<p>Veracruz, Ver.- a 7 de Septiembre 2019.- Integrantes del Movimiento Renovador Democr\u00e1tico(MRD) y afectados\u00a0 esperan que con el cambio de Fiscal en Veracruz se resuelva a su favor el conflicto de tierras que existe en el predio de la parte norte de Veracruz ( R\u00edo Grande 58o hect\u00e1reas y Las Casas fantasmas hacia la Playa)donde ahora Javier Ruiz se dice ser el propietario cuando existen sus leg\u00edtimos due\u00f1os.<\/p>\n<p>Al respecto Marco Antonio Moncayo Parra presidente de dicho movimiento explic\u00f3 en conferencia de prensa nosotros: festejamos que al hora ex fiscal Jorge Winckler Ortiz lo hayan destitu\u00eddo del cargo porque en materia de impartici\u00f3n de justicia estaba actuando a favor de los ricos.<\/p>\n<p>\u00abEl habl\u00f3 mucho de legalidad cuando en su gesti\u00f3n como fiscal se la pas\u00f3 defendiendo a los ricos, prueba de ello es que en la zona norte existe un conflicto de tierras donde sus aut\u00e9nticos propietarios presentar\u00f3n por lo menos diez denuncia penales y \u00e9stas no procedieron porque el ahora ex fiscal es tambi\u00e9n el abogado de Javier Ruiz quien se ostenta como \u00abdue\u00f1o\u00bb de estas tierras\u00bb.<\/p>\n<p>Incluso los entrevistados pidieron se investigue a gente del exfiscal que a\u00fan tiene metida en la Procuradur\u00eda de Justicia del Estado y que tambi\u00e9n est\u00e1n interfiriendo para que este caso NO se resuelva conforme a derecho.<\/p>\n<p>Moncayo Parra no descart\u00f3 que con el cambio de fiscal m\u00e1s\u00a0 afectados presenten m\u00e1s denuncias en torno a este caso, no lo hac\u00edan por temor a represalias del ex funcionario estatal.<\/p>\n<p>Asimismo pidieron la intervenci\u00f3n del Gobernador del Estado Cuitl\u00e1huac Garc\u00eda Jim\u00e9nez para que este conflicto se resuelva apegado a la ley&#8230;.<\/p>\n<p>&nbsp;<\/p>\n","protected":false},"excerpt":{"rendered":"<p>\u00b0Javier Ruiz se ostenta como propietario de 580 hect\u00e1reas,cuando existen sus leg\u00edtimos due\u00f1os. \u00b0El MRD festeja la\u00a0 ca\u00edda del exfiscal<\/p>\n","protected":false},"author":2,"featured_media":17088,"comment_status":"open","ping_status":"open","sticky":false,"template":"","format":"standard","meta":{"colormag_page_container_layout":"default_layout","colormag_page_sidebar_layout":"default_layout","footnotes":""},"categories":[2],"tags":[],"class_list":["post-17086","post","type-post","status-publish","format-standard","has-post-thumbnail","hentry","category-infogral"],"_links":{"self":[{"href":"http:\/\/vocesver.com\/noticias\/wp-json\/wp\/v2\/posts\/17086","targetHints":{"allow":["GET"]}}],"collection":[{"href":"http:\/\/vocesver.com\/noticias\/wp-json\/wp\/v2\/posts"}],"about":[{"href":"http:\/\/vocesver.com\/noticias\/wp-json\/wp\/v2\/types\/post"}],"author":[{"embeddable":true,"href":"http:\/\/vocesver.com\/noticias\/wp-json\/wp\/v2\/users\/2"}],"replies":[{"embeddable":true,"href":"http:\/\/vocesver.com\/noticias\/wp-json\/wp\/v2\/comments?post=17086"}],"version-history":[{"count":7,"href":"http:\/\/vocesver.com\/noticias\/wp-json\/wp\/v2\/posts\/17086\/revisions"}],"predecessor-version":[{"id":17096,"href":"http:\/\/vocesver.com\/noticias\/wp-json\/wp\/v2\/posts\/17086\/revisions\/17096"}],"wp:featuredmedia":[{"embeddable":true,"href":"http:\/\/vocesver.com\/noticias\/wp-json\/wp\/v2\/media\/17088"}],"wp:attachment":[{"href":"http:\/\/vocesver.com\/noticias\/wp-json\/wp\/v2\/media?parent=17086"}],"wp:term":[{"taxonomy":"category","embeddable":true,"href":"http:\/\/vocesver.com\/noticias\/wp-json\/wp\/v2\/categories?post=17086"},{"taxonomy":"post_tag","embeddable":true,"href":"http:\/\/vocesver.com\/noticias\/wp-json\/wp\/v2\/tags?post=17086"}],"curies":[{"name":"wp","href":"https:\/\/api.w.org\/{rel}","templated":true}]}}