{"id":17077,"date":"2019-09-07T13:25:34","date_gmt":"2019-09-07T13:25:34","guid":{"rendered":"http:\/\/vocesver.com\/noticias\/?p=17077"},"modified":"2019-09-07T13:28:27","modified_gmt":"2019-09-07T13:28:27","slug":"este-sabadoconcluye-el-46-consejo-nacional-de-traba-trabajadores-del-infonavit","status":"publish","type":"post","link":"http:\/\/vocesver.com\/noticias\/este-sabadoconcluye-el-46-consejo-nacional-de-traba-trabajadores-del-infonavit\/","title":{"rendered":"ESTE S\u00c1BADOCONCLUYE EL 46 CONSEJO NACIONAL DE TRABAJADORES DEL INFONAVIT."},"content":{"rendered":"<p><a href=\"http:\/\/vocesver.com\/noticias\/wp-content\/uploads\/2019\/09\/conse-1.jpg\"><img loading=\"lazy\" decoding=\"async\" class=\"alignnone size-medium wp-image-17082\" src=\"http:\/\/vocesver.com\/noticias\/wp-content\/uploads\/2019\/09\/conse-1-300x225.jpg\" alt=\"\" width=\"300\" height=\"225\" srcset=\"http:\/\/vocesver.com\/noticias\/wp-content\/uploads\/2019\/09\/conse-1-300x225.jpg 300w, http:\/\/vocesver.com\/noticias\/wp-content\/uploads\/2019\/09\/conse-1-768x576.jpg 768w, http:\/\/vocesver.com\/noticias\/wp-content\/uploads\/2019\/09\/conse-1-1024x768.jpg 1024w, http:\/\/vocesver.com\/noticias\/wp-content\/uploads\/2019\/09\/conse-1.jpg 1280w\" sizes=\"auto, (max-width: 300px) 100vw, 300px\" \/><\/a><a href=\"http:\/\/vocesver.com\/noticias\/wp-content\/uploads\/2019\/09\/conse2.jpg\"><img loading=\"lazy\" decoding=\"async\" class=\"alignnone size-medium wp-image-17080\" src=\"http:\/\/vocesver.com\/noticias\/wp-content\/uploads\/2019\/09\/conse2-300x225.jpg\" alt=\"\" width=\"300\" height=\"225\" srcset=\"http:\/\/vocesver.com\/noticias\/wp-content\/uploads\/2019\/09\/conse2-300x225.jpg 300w, http:\/\/vocesver.com\/noticias\/wp-content\/uploads\/2019\/09\/conse2-768x576.jpg 768w, http:\/\/vocesver.com\/noticias\/wp-content\/uploads\/2019\/09\/conse2-1024x768.jpg 1024w, http:\/\/vocesver.com\/noticias\/wp-content\/uploads\/2019\/09\/conse2.jpg 1280w\" sizes=\"auto, (max-width: 300px) 100vw, 300px\" \/><\/a><\/p>\n<p>\u00b0Se desarroll\u00f3 durante 3 d\u00edas en el Hotel Emporio de la Ciudad de Veracruz.<\/p>\n<p>PIE DE FOTO.A 7 de Septiembre 2019.- Luego de casi tres d\u00edas de intensos trabajos, este s\u00e1bado concluye en Veracruz el XLVI Consejo Nacional de los trabajadores del infonavit. El consejo se realiza en un sal\u00f3n del Hotel Emporio de esta Ciudad y es presidido por el dirigente estatal Anibal Mir\u00f3n Leal y quien dijo que mediante el di\u00e1logo se lograr\u00f3n importantes acuerdos con miras a las pr\u00f3ximas revisiones salariales y contractuales de este gremio&#8230; Foto AUSENCIO RIVERA&#8230;<\/p>\n","protected":false},"excerpt":{"rendered":"<p>\u00b0Se desarroll\u00f3 durante 3 d\u00edas en el Hotel Emporio de la Ciudad de Veracruz. PIE DE FOTO.A 7 de Septiembre<\/p>\n","protected":false},"author":2,"featured_media":17079,"comment_status":"open","ping_status":"open","sticky":false,"template":"","format":"standard","meta":{"colormag_page_container_layout":"default_layout","colormag_page_sidebar_layout":"default_layout","footnotes":""},"categories":[2],"tags":[],"class_list":["post-17077","post","type-post","status-publish","format-standard","has-post-thumbnail","hentry","category-infogral"],"_links":{"self":[{"href":"http:\/\/vocesver.com\/noticias\/wp-json\/wp\/v2\/posts\/17077","targetHints":{"allow":["GET"]}}],"collection":[{"href":"http:\/\/vocesver.com\/noticias\/wp-json\/wp\/v2\/posts"}],"about":[{"href":"http:\/\/vocesver.com\/noticias\/wp-json\/wp\/v2\/types\/post"}],"author":[{"embeddable":true,"href":"http:\/\/vocesver.com\/noticias\/wp-json\/wp\/v2\/users\/2"}],"replies":[{"embeddable":true,"href":"http:\/\/vocesver.com\/noticias\/wp-json\/wp\/v2\/comments?post=17077"}],"version-history":[{"count":5,"href":"http:\/\/vocesver.com\/noticias\/wp-json\/wp\/v2\/posts\/17077\/revisions"}],"predecessor-version":[{"id":17085,"href":"http:\/\/vocesver.com\/noticias\/wp-json\/wp\/v2\/posts\/17077\/revisions\/17085"}],"wp:featuredmedia":[{"embeddable":true,"href":"http:\/\/vocesver.com\/noticias\/wp-json\/wp\/v2\/media\/17079"}],"wp:attachment":[{"href":"http:\/\/vocesver.com\/noticias\/wp-json\/wp\/v2\/media?parent=17077"}],"wp:term":[{"taxonomy":"category","embeddable":true,"href":"http:\/\/vocesver.com\/noticias\/wp-json\/wp\/v2\/categories?post=17077"},{"taxonomy":"post_tag","embeddable":true,"href":"http:\/\/vocesver.com\/noticias\/wp-json\/wp\/v2\/tags?post=17077"}],"curies":[{"name":"wp","href":"https:\/\/api.w.org\/{rel}","templated":true}]}}