{"id":16891,"date":"2019-09-01T17:48:09","date_gmt":"2019-09-01T17:48:09","guid":{"rendered":"http:\/\/vocesver.com\/noticias\/?p=16891"},"modified":"2019-09-01T17:49:03","modified_gmt":"2019-09-01T17:49:03","slug":"sin-reporte-de-victimas-mexicanas-en-ultimo-tiroteo-en-texasebrard","status":"publish","type":"post","link":"http:\/\/vocesver.com\/noticias\/sin-reporte-de-victimas-mexicanas-en-ultimo-tiroteo-en-texasebrard\/","title":{"rendered":"SIN REPORTE DE V\u00cdCTIMAS MEXICANAS EN \u00daLTIMO TIROTEO EN TEXAS:EBRARD"},"content":{"rendered":"<div class=\"panel-image-meta\">\n<p>A\u00fan se espera el reporte oficial de autoridades estadounidenses. Foto: Especial<\/p>\n<\/div>\n<p dir=\"ltr\">REDACCI\u00d3N\/VOCESVER.COM\/NOTICIAS<\/p>\n<p dir=\"ltr\">NACIONAL.- A 1 de Septiembre 2019.- De acuerdo con informaci\u00f3n de UNOTV.COM&#8230;.El secretario de Relaciones de Exteriores,<strong>\u00a0Marcelo Ebrard Casaub\u00f3n<\/strong>, inform\u00f3 a trav\u00e9s de su cuenta de\u00a0<strong>Twitter\u00a0<\/strong>que, de acuerdo con el \u00faltimo reporte dado por c\u00f3nsules mexicanos, no hay reporte de mexicanos heridos o fallecidos luego de que el s\u00e1bado se registrara un tiroteo en\u00a0<strong>Odessa, Texas<\/strong>, Estados Unidos.<\/p>\n<div class=\"tweeet-post\">\n<div class=\"SandboxRoot env-bp-min\" data-twitter-event-id=\"0\">\n<div id=\"twitter-widget-0\" class=\"EmbeddedTweet EmbeddedTweet--cta js-clickToOpenTarget\" lang=\"es\" data-click-to-open-target=\"https:\/\/twitter.com\/m_ebrard\/status\/1168138816227557376\" data-iframe-title=\"Tweet de Twitter\" data-scribe=\"page:tweet\" data-twitter-event-id=\"1\">\n<div class=\"EmbeddedTweet-tweetContainer\">\n<div class=\"EmbeddedTweet-tweet\">\n<blockquote class=\"Tweet h-entry js-tweetIdInfo subject expanded\" cite=\"https:\/\/twitter.com\/m_ebrard\/status\/1168138816227557376\" data-tweet-id=\"1168138816227557376\" data-scribe=\"section:subject\">\n<div class=\"Tweet-header\">\n<p><a class=\"TweetAuthor-avatar Identity-avatar u-linkBlend\" href=\"https:\/\/twitter.com\/m_ebrard\" data-scribe=\"element:user_link\" aria-label=\"Marcelo Ebrard C. (nombre de pantalla: m_ebrard)\"><img decoding=\"async\" class=\"Avatar\" src=\"https:\/\/pbs.twimg.com\/profile_images\/1124429229477654528\/MTTkGMad_normal.jpg\" alt=\"\" data-scribe=\"element:avatar\" data-src-2x=\"https:\/\/pbs.twimg.com\/profile_images\/1124429229477654528\/MTTkGMad_bigger.jpg\" data-src-1x=\"https:\/\/pbs.twimg.com\/profile_images\/1124429229477654528\/MTTkGMad_normal.jpg\" \/><\/a><\/p>\n<div class=\"TweetAuthor js-inViewportScribingTarget\" data-scribe=\"component:author\">\n<div class=\"TweetAuthor-nameScreenNameContainer\">\n<p><span class=\"TweetAuthor-decoratedName\"><span class=\"TweetAuthor-name Identity-name customisable-highlight\" title=\"Marcelo Ebrard C.\" data-scribe=\"element:name\">Marcelo Ebrard C.<\/span><\/span><\/p>\n<div class=\"Icon Icon--verified \" title=\"Cuenta verificada\" role=\"img\" aria-label=\"Cuenta verificada\"><\/div>\n<p><span class=\"TweetAuthor-decoratedName\"><span class=\"TweetAuthor-verifiedBadge\" data-scribe=\"element:verified_badge\"><b class=\"u-hiddenVisually\">&#x2714;<\/b><\/span><\/span><span class=\"TweetAuthor-screenName Identity-screenName\" dir=\"ltr\" title=\"@m_ebrard\" data-scribe=\"element:screen_name\">@m_ebrard<\/span><\/p>\n<\/div>\n<\/div>\n<div class=\"Tweet-brand\">\n<div class=\"Icon Icon--twitter \" title=\"Ver en Twitter\" role=\"presentation\" aria-label=\"Ver en Twitter\"><\/div>\n<\/div>\n<\/div>\n<div class=\"Tweet-body e-entry-content\" data-scribe=\"component:tweet\">\n<div class=\"Tweet-target js-inViewportScribingTarget\"><\/div>\n<p class=\"Tweet-text e-entry-title\" dir=\"ltr\" lang=\"es\">Me dicen nuestros consules que est\u00e1n en Midland y Odessa Texas que no hay reporte de mexicanos heridos o fallecidos hasta esta hora. A las 9:30 am tendr\u00e1n el reporte oficial para confirmar esta informacion por parte de las autoridades norteamericanas.<\/p>\n<div class=\"TweetInfo\">\n<div class=\"TweetInfo-like\">\n<div data-scribe=\"element:heart\">\n<div class=\"Icon Icon--heart \" title=\"Me gusta\" role=\"img\" aria-label=\"Me gusta\"><\/div>\n<\/div>\n<p><a class=\"TweetInfo-heart\" title=\"Me gusta\" href=\"https:\/\/twitter.com\/intent\/like?tweet_id=1168138816227557376\" data-scribe=\"component:actions\"><span class=\"TweetInfo-heartStat\" data-scribe=\"element:heart_count\">1.280<\/span><\/a><\/p>\n<\/div>\n<div class=\"TweetInfo-timeGeo\"><a class=\"u-linkBlend u-url customisable-highlight long-permalink\" href=\"https:\/\/twitter.com\/m_ebrard\/status\/1168138816227557376\" data-datetime=\"2019-09-01T12:29:31+0000\" data-scribe=\"element:full_timestamp\"><time class=\"dt-updated\" title=\"Publicado a las: 01 de septiembre de 2019 12:29:31 (UTC)\" datetime=\"2019-09-01T12:29:31+0000\">7:29 &#8211; 1 sept. 2019<\/time><\/a><\/div>\n<div class=\"tweet-InformationCircle\" data-scribe=\"element:notice\"><a class=\"Icon Icon--informationCircleWhite js-inViewportScribingTarget\" title=\"Informaci\u00f3n y privacidad de Twitter Ads\" href=\"https:\/\/support.twitter.com\/articles\/20175256\"><span class=\"u-hiddenVisually\">Informaci\u00f3n y privacidad de Twitter Ads<\/span><\/a><\/div>\n<\/div>\n<\/div>\n<\/blockquote>\n<\/div>\n<div class=\"CallToAction-icon\" data-scribe=\"element:conversation_icon\">\n<div class=\"Icon Icon--replyCTA \" title=\"Ver conversaci\u00f3n en Twitter\" role=\"img\" aria-label=\"Ver conversaci\u00f3n en Twitter\"><\/div>\n<\/div>\n<div class=\"CallToAction-text\" data-scribe=\"element:conversation_text\">494 personas est\u00e1n hablando de esto<\/div>\n<div class=\"CallToAction-chevron\" data-scribe=\"element:cta_chevron\">\n<p dir=\"ltr\">Indic\u00f3 que en punto de las\u00a0<strong>9:30 horas de este domingo<\/strong>, autoridades norteamericanas confirmar\u00edan esa informaci\u00f3n.<\/p>\n<p dir=\"ltr\">El s\u00e1bado un tiroteo \u00abal azar\u00bb perpetrado por al menos un hombre desde un cami\u00f3n robado\u00a0<strong>dej\u00f3 por lo menos cinco personas muertas y al menos 21 heridos en la ciudad de Odessa<\/strong>, al oeste del estado de\u00a0<strong>Texas<\/strong>.<\/p>\n<p dir=\"ltr\">INF. UNOTV.COM&#8230;..<\/p>\n<\/div>\n<\/div>\n<\/div>\n<\/div>\n<\/div>\n","protected":false},"excerpt":{"rendered":"<p>A\u00fan se espera el reporte oficial de autoridades estadounidenses. Foto: Especial REDACCI\u00d3N\/VOCESVER.COM\/NOTICIAS NACIONAL.- A 1 de Septiembre 2019.- De acuerdo<\/p>\n","protected":false},"author":2,"featured_media":16892,"comment_status":"open","ping_status":"open","sticky":false,"template":"","format":"standard","meta":{"colormag_page_container_layout":"default_layout","colormag_page_sidebar_layout":"default_layout","footnotes":""},"categories":[5,1],"tags":[],"class_list":["post-16891","post","type-post","status-publish","format-standard","has-post-thumbnail","hentry","category-nacional","category-sin-categoria"],"_links":{"self":[{"href":"http:\/\/vocesver.com\/noticias\/wp-json\/wp\/v2\/posts\/16891","targetHints":{"allow":["GET"]}}],"collection":[{"href":"http:\/\/vocesver.com\/noticias\/wp-json\/wp\/v2\/posts"}],"about":[{"href":"http:\/\/vocesver.com\/noticias\/wp-json\/wp\/v2\/types\/post"}],"author":[{"embeddable":true,"href":"http:\/\/vocesver.com\/noticias\/wp-json\/wp\/v2\/users\/2"}],"replies":[{"embeddable":true,"href":"http:\/\/vocesver.com\/noticias\/wp-json\/wp\/v2\/comments?post=16891"}],"version-history":[{"count":2,"href":"http:\/\/vocesver.com\/noticias\/wp-json\/wp\/v2\/posts\/16891\/revisions"}],"predecessor-version":[{"id":16894,"href":"http:\/\/vocesver.com\/noticias\/wp-json\/wp\/v2\/posts\/16891\/revisions\/16894"}],"wp:featuredmedia":[{"embeddable":true,"href":"http:\/\/vocesver.com\/noticias\/wp-json\/wp\/v2\/media\/16892"}],"wp:attachment":[{"href":"http:\/\/vocesver.com\/noticias\/wp-json\/wp\/v2\/media?parent=16891"}],"wp:term":[{"taxonomy":"category","embeddable":true,"href":"http:\/\/vocesver.com\/noticias\/wp-json\/wp\/v2\/categories?post=16891"},{"taxonomy":"post_tag","embeddable":true,"href":"http:\/\/vocesver.com\/noticias\/wp-json\/wp\/v2\/tags?post=16891"}],"curies":[{"name":"wp","href":"https:\/\/api.w.org\/{rel}","templated":true}]}}