{"id":16528,"date":"2019-08-21T18:14:28","date_gmt":"2019-08-21T18:14:28","guid":{"rendered":"http:\/\/vocesver.com\/noticias\/?p=16528"},"modified":"2019-08-21T21:15:25","modified_gmt":"2019-08-21T21:15:25","slug":"mas-nos-esta-aplastando-y-quitando-la-comida-d-enuestros-hijosrafael-casas","status":"publish","type":"post","link":"http:\/\/vocesver.com\/noticias\/mas-nos-esta-aplastando-y-quitando-la-comida-d-enuestros-hijosrafael-casas\/","title":{"rendered":"MAS NOS EST\u00c1 APLASTANDO Y QUITANDO LA COMIDA D ENUESTROS HIJOS:RAFAEL CASAS."},"content":{"rendered":"<p><a href=\"http:\/\/vocesver.com\/noticias\/wp-content\/uploads\/2019\/08\/manif2.jpg\"><img loading=\"lazy\" decoding=\"async\" class=\"alignnone size-medium wp-image-16535\" src=\"http:\/\/vocesver.com\/noticias\/wp-content\/uploads\/2019\/08\/manif2-300x225.jpg\" alt=\"\" width=\"300\" height=\"225\" srcset=\"http:\/\/vocesver.com\/noticias\/wp-content\/uploads\/2019\/08\/manif2-300x225.jpg 300w, http:\/\/vocesver.com\/noticias\/wp-content\/uploads\/2019\/08\/manif2-768x576.jpg 768w, http:\/\/vocesver.com\/noticias\/wp-content\/uploads\/2019\/08\/manif2-1024x768.jpg 1024w, http:\/\/vocesver.com\/noticias\/wp-content\/uploads\/2019\/08\/manif2.jpg 1280w\" sizes=\"auto, (max-width: 300px) 100vw, 300px\" \/><\/a><a href=\"http:\/\/vocesver.com\/noticias\/wp-content\/uploads\/2019\/08\/manif.jpg\"><img loading=\"lazy\" decoding=\"async\" class=\"alignnone size-medium wp-image-16533\" src=\"http:\/\/vocesver.com\/noticias\/wp-content\/uploads\/2019\/08\/manif-300x225.jpg\" alt=\"\" width=\"300\" height=\"225\" srcset=\"http:\/\/vocesver.com\/noticias\/wp-content\/uploads\/2019\/08\/manif-300x225.jpg 300w, http:\/\/vocesver.com\/noticias\/wp-content\/uploads\/2019\/08\/manif-768x576.jpg 768w, http:\/\/vocesver.com\/noticias\/wp-content\/uploads\/2019\/08\/manif-1024x768.jpg 1024w, http:\/\/vocesver.com\/noticias\/wp-content\/uploads\/2019\/08\/manif.jpg 1280w\" sizes=\"auto, (max-width: 300px) 100vw, 300px\" \/><\/a><\/p>\n<p>AUSENCIO RIVERA\/VOCESVER.COM\/NOTICIAS<\/p>\n<p>Veracruz, Ver.-. 21 de Agosto 2019.- \u00a1\u00a1Al grito de fuera el Grupo Mas de Veracruz\u00a1\u00a1Ya basta de sangrar al pueblo con altas tarifas y, proporcionar un p\u00e9simo servicio\u00a1 un grupo de usuarios encabezados por el abogado Rafael Casas march\u00f3 y, se planto en el Z\u00f3calo de Veracruz en demanda de que intervengan los tres niveles de gobierno para que pongan un alto a estos abusos.<\/p>\n<p>\u00abLe pedimos a la autoridad municipal, estatal y federales que hagan algo en contra del grupo Mas porque nos est\u00e1 aplastando\u00bb.<\/p>\n<p>Nos est\u00e1 quitando la comida de nuestros hijos. Ya basta de sangrar al pueblo, asever\u00f3-.<\/p>\n<p>Hemos acudido a la justicia federal, al Congreso del Estado, al Ayuntamiento de Veracruz y Boca del R\u00edo \u00abporque hemos presentado un juicio de amparo por la inconstitucionalidad de otorgar el t\u00edtulo de concesi\u00f3n a la empresa Metropolitana de Agua y, Saneamiento(SAPI).<\/p>\n<p>Asimismo condenamos y, reprobamos la actuaci\u00f3n del anterior gobierno del Estado y de los Diputados Locales\u00a0 que autorizaron esa cruel y, canalla concesi\u00f3n.<\/p>\n<p>Por eso hoy desde esta tribuna p\u00fablica el pueblo les reprocha a ustedes gobierno la anomal\u00eda y, la traici\u00f3n que cometieron.<\/p>\n<p>Viven del Pueblo y, traiciona al pueblo, remach\u00f3.<\/p>\n<p>\u00a1Viva Veracruz\u00a1, \u00a1Viva M\u00e9xico\u00a1,\u00a1 fuera el Grupo Mas\u00a1 insisti\u00f3.<\/p>\n<p>Cabe mencionar que la marcha de protesta inici\u00f3 del Parque Zamora, march\u00f3 toda la Avenida Independencia hasta concluir con un plant\u00f3n frente al Ayuntamiento panista de Veracruz donde desfilar\u00f3n diversos oradores y lanzar\u00f3n diversas consignas en contra del Grupo M\u00e1s y, de los funcionarios municipales, estatales y legisladores que aprobar\u00f3n dicha concesi\u00f3n.<\/p>\n<p>A la marcha de protesta se sum\u00f3 gente del PAN, MORENA, PRI y, de la sociedad civil.<\/p>\n<p>&nbsp;<\/p>\n<p>&nbsp;<\/p>\n","protected":false},"excerpt":{"rendered":"<p>AUSENCIO RIVERA\/VOCESVER.COM\/NOTICIAS Veracruz, Ver.-. 21 de Agosto 2019.- \u00a1\u00a1Al grito de fuera el Grupo Mas de Veracruz\u00a1\u00a1Ya basta de sangrar<\/p>\n","protected":false},"author":2,"featured_media":16532,"comment_status":"open","ping_status":"open","sticky":false,"template":"","format":"standard","meta":{"colormag_page_container_layout":"default_layout","colormag_page_sidebar_layout":"default_layout","footnotes":""},"categories":[2],"tags":[],"class_list":["post-16528","post","type-post","status-publish","format-standard","has-post-thumbnail","hentry","category-infogral"],"_links":{"self":[{"href":"http:\/\/vocesver.com\/noticias\/wp-json\/wp\/v2\/posts\/16528","targetHints":{"allow":["GET"]}}],"collection":[{"href":"http:\/\/vocesver.com\/noticias\/wp-json\/wp\/v2\/posts"}],"about":[{"href":"http:\/\/vocesver.com\/noticias\/wp-json\/wp\/v2\/types\/post"}],"author":[{"embeddable":true,"href":"http:\/\/vocesver.com\/noticias\/wp-json\/wp\/v2\/users\/2"}],"replies":[{"embeddable":true,"href":"http:\/\/vocesver.com\/noticias\/wp-json\/wp\/v2\/comments?post=16528"}],"version-history":[{"count":8,"href":"http:\/\/vocesver.com\/noticias\/wp-json\/wp\/v2\/posts\/16528\/revisions"}],"predecessor-version":[{"id":16545,"href":"http:\/\/vocesver.com\/noticias\/wp-json\/wp\/v2\/posts\/16528\/revisions\/16545"}],"wp:featuredmedia":[{"embeddable":true,"href":"http:\/\/vocesver.com\/noticias\/wp-json\/wp\/v2\/media\/16532"}],"wp:attachment":[{"href":"http:\/\/vocesver.com\/noticias\/wp-json\/wp\/v2\/media?parent=16528"}],"wp:term":[{"taxonomy":"category","embeddable":true,"href":"http:\/\/vocesver.com\/noticias\/wp-json\/wp\/v2\/categories?post=16528"},{"taxonomy":"post_tag","embeddable":true,"href":"http:\/\/vocesver.com\/noticias\/wp-json\/wp\/v2\/tags?post=16528"}],"curies":[{"name":"wp","href":"https:\/\/api.w.org\/{rel}","templated":true}]}}