{"id":16524,"date":"2019-08-21T13:02:09","date_gmt":"2019-08-21T13:02:09","guid":{"rendered":"http:\/\/vocesver.com\/noticias\/?p=16524"},"modified":"2019-08-21T13:08:16","modified_gmt":"2019-08-21T13:08:16","slug":"si-morena-abre-la-eleccion-para-todos-renuncio-a-mis-aspiracionessinoseguire-adelantealejandro-rojas","status":"publish","type":"post","link":"http:\/\/vocesver.com\/noticias\/si-morena-abre-la-eleccion-para-todos-renuncio-a-mis-aspiracionessinoseguire-adelantealejandro-rojas\/","title":{"rendered":"SI MORENA ABRE LA ELECCI\u00d3N PARA TODOS, RENUNCIO A MIS ASPIRACIONES;SINO,SEGUIR\u00c9 ADELANTE:ALEJANDRO ROJAS."},"content":{"rendered":"<p>REDACCI\u00d3N\/VOCESVER.COM\/NOTICIAS<\/p>\n<p>Monterrey, Nuevo Le\u00f3n a 20 de agosto de 2019.-Por encima de mis leg\u00edtimas aspiraciones, est\u00e1 el cambio del r\u00e9gimen pol\u00edtico y la unidad de Morena. Si no hay una convocatoria democr\u00e1tica e incluyente, tendr\u00e9 que abrir la participaci\u00f3n con los lopezobradoristas de la base militante.<\/p>\n<p>Hoy tienen la oportunidad de demostrar que tienen un esp\u00edritu democr\u00e1tico y de colocar el Proyecto de la Cuarta Transformaci\u00f3n por encima de las ambiciones personales de nuestras dirigentes, para que sean todos los lopezobradoristas de Morena, sin exclusi\u00f3n de nadie, los que decidan, en una elecci\u00f3n en donde con su voto libre, directo y secreto, qui\u00e9nes deben ser los futuros dirigentes de Morena en todos los niveles de Comit\u00e9s Ejecutivos, fundamentalmente, los Comit\u00e9s Municipales de Morena.<\/p>\n<p>Si el Presidente Andr\u00e9s Manuel L\u00f3pez Obrador consulta a la gente, sin que exista en la ley dicho derecho, \u00bfpor qu\u00e9 en Morena no lo hacemos?.<\/p>\n<p>Demos un ejemplo de que realmente somos democr\u00e1ticos y que Morena es propiedad del pueblo de M\u00e9xico y no de sus dirigentes o militantes.<\/p>\n<p>No pueden tomar como pretexto que \u00e9ste tipo de elecci\u00f3n no viene en el Estatuto: claro que est\u00e1; &#8211;y en algo superior&#8211; est\u00e1 en los Principios de Morena, que son la esencia del movimiento, cuando se\u00f1ala que ..\u00bbpromoveremos la democracia directa: la consulta popular, la iniciativa ciudadana, el plebiscito, el refer\u00e9ndum y la revocaci\u00f3n de mandato\u00bb.<\/p>\n<p>Sin Principios, no hay nada que valga, mucho menos una convocatoria que puede ser un traje a la medida para la burocracia partidaria y no para la participaci\u00f3n democr\u00e1tica de las bases militantes de Morena.<\/p>\n<p>T\u00f3menme la palabra y redacten una convocatoria a la altura de la historia de M\u00e9xico y del movimiento popular m\u00e1s importante de la \u00faltima centuria.<\/p>\n<p>No se equivoquen, redactando una convocatoria a modo, excluyente, sectaria y antidemocr\u00e1tica.<\/p>\n<p>Es momento de tener altura de miras.<\/p>\n<p>Si no lo hacen, seguir\u00e9 en mi recorrido nacional trazando una estrategia con las bases militantes de Morena que ser\u00e1n excluidas del proceso, a fin de que tengamos una f\u00f3rmula para participar y enriquecer la vida democr\u00e1tica de nuestro movimiento.<\/p>\n<p>Los saludo desde Monterrey.<\/p>\n<p>*Alejandro Rojas D\u00edaz Dur\u00e1n,*<br \/>\nPol\u00edtico, polit\u00f3logo y escritor mexicano.<br \/>\nSenador suplente de Ricardo Monreal \u00c1vila.<br \/>\nConsejero de Morena.<br \/>\nDem\u00f3crata de toda la vida.<\/p>\n","protected":false},"excerpt":{"rendered":"<p>REDACCI\u00d3N\/VOCESVER.COM\/NOTICIAS Monterrey, Nuevo Le\u00f3n a 20 de agosto de 2019.-Por encima de mis leg\u00edtimas aspiraciones, est\u00e1 el cambio del r\u00e9gimen<\/p>\n","protected":false},"author":2,"featured_media":16526,"comment_status":"open","ping_status":"open","sticky":false,"template":"","format":"standard","meta":{"colormag_page_container_layout":"default_layout","colormag_page_sidebar_layout":"default_layout","footnotes":""},"categories":[2,5],"tags":[],"class_list":["post-16524","post","type-post","status-publish","format-standard","has-post-thumbnail","hentry","category-infogral","category-nacional"],"_links":{"self":[{"href":"http:\/\/vocesver.com\/noticias\/wp-json\/wp\/v2\/posts\/16524","targetHints":{"allow":["GET"]}}],"collection":[{"href":"http:\/\/vocesver.com\/noticias\/wp-json\/wp\/v2\/posts"}],"about":[{"href":"http:\/\/vocesver.com\/noticias\/wp-json\/wp\/v2\/types\/post"}],"author":[{"embeddable":true,"href":"http:\/\/vocesver.com\/noticias\/wp-json\/wp\/v2\/users\/2"}],"replies":[{"embeddable":true,"href":"http:\/\/vocesver.com\/noticias\/wp-json\/wp\/v2\/comments?post=16524"}],"version-history":[{"count":1,"href":"http:\/\/vocesver.com\/noticias\/wp-json\/wp\/v2\/posts\/16524\/revisions"}],"predecessor-version":[{"id":16525,"href":"http:\/\/vocesver.com\/noticias\/wp-json\/wp\/v2\/posts\/16524\/revisions\/16525"}],"wp:featuredmedia":[{"embeddable":true,"href":"http:\/\/vocesver.com\/noticias\/wp-json\/wp\/v2\/media\/16526"}],"wp:attachment":[{"href":"http:\/\/vocesver.com\/noticias\/wp-json\/wp\/v2\/media?parent=16524"}],"wp:term":[{"taxonomy":"category","embeddable":true,"href":"http:\/\/vocesver.com\/noticias\/wp-json\/wp\/v2\/categories?post=16524"},{"taxonomy":"post_tag","embeddable":true,"href":"http:\/\/vocesver.com\/noticias\/wp-json\/wp\/v2\/tags?post=16524"}],"curies":[{"name":"wp","href":"https:\/\/api.w.org\/{rel}","templated":true}]}}