{"id":16520,"date":"2019-08-20T21:59:13","date_gmt":"2019-08-20T21:59:13","guid":{"rendered":"http:\/\/vocesver.com\/noticias\/?p=16520"},"modified":"2019-08-20T21:59:19","modified_gmt":"2019-08-20T21:59:19","slug":"grupo-de-autodefensa-quieren-caminar-hacia-la-pazsegob","status":"publish","type":"post","link":"http:\/\/vocesver.com\/noticias\/grupo-de-autodefensa-quieren-caminar-hacia-la-pazsegob\/","title":{"rendered":"GRUPO DE AUTODEFENSA QUIEREN CAMINAR HACIA LA PAZ:SEGOB"},"content":{"rendered":"<p dir=\"ltr\">Autodefensas est\u00e1n interesados en explorar la v\u00eda pac\u00edfica. Foto: Captura de pantalla<\/p>\n<p dir=\"ltr\">REDACCI\u00d3N\/VOCESVER.COM\/NOTICIAS<\/p>\n<p dir=\"ltr\">NACIONAL.- A 20 de Agosto 2019.- De acuerdo con informaci\u00f3n de UNOTV.COM&#8230;La secretaria de Gobernaci\u00f3n,\u00a0<strong>Olga S\u00e1nchez Cordero<\/strong>, revel\u00f3 que el\u00a0<strong>Gobierno federal inici\u00f3 pl\u00e1ticas con grupos de autodefensa\u00a0<\/strong>de diferentes estados del pa\u00eds, como Guerrero,\u00a0quienes\u00a0 buscan caminar hacia la paz\u00a0y quienes han manifestado su intenci\u00f3n de\u00a0<strong>deponer las armas<\/strong>.<\/p>\n<p dir=\"ltr\"><em><strong>Estamos dialogando ahorita con mucho grupos y est\u00e1n, de verdad, nos han manifestado (que) ya que no quieren seguir en esta violencia, que ellos quieren deponer las armas y quieren caminar hacia la paz\u201d.\u00a0<u>Olga S\u00e1nchez Cordero, secretaria de Gobernaci\u00f3n<\/u><\/strong><\/em><\/p>\n<p dir=\"ltr\">Tras participar en un evento de la Secretar\u00eda de la Funci\u00f3n P\u00fablica, la encargada de la pol\u00edtica interna del pa\u00eds asever\u00f3 que los autodefensas\u00a0<strong>est\u00e1n interesados en explorar la v\u00eda pac\u00edfica<\/strong>.<\/p>\n<p>Son varios grupos de diversos estados de la Rep\u00fablica, en los cuales ellos quieren caminar hacia la pacificaci\u00f3n del pa\u00eds, porque ya no quieren m\u00e1s violencia\u201d.\u00a0<u>Olga S\u00e1nchez Cordero, secretaria de Gobernaci\u00f3n<\/u><\/p>\n<p>INF. DE UNOTV.COM&#8230;.<\/p>\n","protected":false},"excerpt":{"rendered":"<p>Autodefensas est\u00e1n interesados en explorar la v\u00eda pac\u00edfica. Foto: Captura de pantalla REDACCI\u00d3N\/VOCESVER.COM\/NOTICIAS NACIONAL.- A 20 de Agosto 2019.- De<\/p>\n","protected":false},"author":2,"featured_media":16521,"comment_status":"open","ping_status":"open","sticky":false,"template":"","format":"standard","meta":{"colormag_page_container_layout":"default_layout","colormag_page_sidebar_layout":"default_layout","footnotes":""},"categories":[5],"tags":[],"class_list":["post-16520","post","type-post","status-publish","format-standard","has-post-thumbnail","hentry","category-nacional"],"_links":{"self":[{"href":"http:\/\/vocesver.com\/noticias\/wp-json\/wp\/v2\/posts\/16520","targetHints":{"allow":["GET"]}}],"collection":[{"href":"http:\/\/vocesver.com\/noticias\/wp-json\/wp\/v2\/posts"}],"about":[{"href":"http:\/\/vocesver.com\/noticias\/wp-json\/wp\/v2\/types\/post"}],"author":[{"embeddable":true,"href":"http:\/\/vocesver.com\/noticias\/wp-json\/wp\/v2\/users\/2"}],"replies":[{"embeddable":true,"href":"http:\/\/vocesver.com\/noticias\/wp-json\/wp\/v2\/comments?post=16520"}],"version-history":[{"count":1,"href":"http:\/\/vocesver.com\/noticias\/wp-json\/wp\/v2\/posts\/16520\/revisions"}],"predecessor-version":[{"id":16522,"href":"http:\/\/vocesver.com\/noticias\/wp-json\/wp\/v2\/posts\/16520\/revisions\/16522"}],"wp:featuredmedia":[{"embeddable":true,"href":"http:\/\/vocesver.com\/noticias\/wp-json\/wp\/v2\/media\/16521"}],"wp:attachment":[{"href":"http:\/\/vocesver.com\/noticias\/wp-json\/wp\/v2\/media?parent=16520"}],"wp:term":[{"taxonomy":"category","embeddable":true,"href":"http:\/\/vocesver.com\/noticias\/wp-json\/wp\/v2\/categories?post=16520"},{"taxonomy":"post_tag","embeddable":true,"href":"http:\/\/vocesver.com\/noticias\/wp-json\/wp\/v2\/tags?post=16520"}],"curies":[{"name":"wp","href":"https:\/\/api.w.org\/{rel}","templated":true}]}}