{"id":16480,"date":"2019-08-20T12:59:24","date_gmt":"2019-08-20T12:59:24","guid":{"rendered":"http:\/\/vocesver.com\/noticias\/?p=16480"},"modified":"2019-08-20T13:02:40","modified_gmt":"2019-08-20T13:02:40","slug":"gobierno-de-veracruz-en-alianza-con-el-coneval-detectaran-zonas-de-atencion-prioritarias","status":"publish","type":"post","link":"http:\/\/vocesver.com\/noticias\/gobierno-de-veracruz-en-alianza-con-el-coneval-detectaran-zonas-de-atencion-prioritarias\/","title":{"rendered":"GOBIERNO DE VERACRUZ EN ALIANZA CON EL CONEVAL DETECTAR\u00c1N ZONAS DE ATENCI\u00d3N PRIORITARIAS."},"content":{"rendered":"<p dir=\"ltr\"><a href=\"http:\/\/vocesver.com\/noticias\/wp-content\/uploads\/2019\/08\/CONE3.jpg\"><img loading=\"lazy\" decoding=\"async\" class=\"alignnone size-medium wp-image-16486\" src=\"http:\/\/vocesver.com\/noticias\/wp-content\/uploads\/2019\/08\/CONE3-300x200.jpg\" alt=\"\" width=\"300\" height=\"200\" srcset=\"http:\/\/vocesver.com\/noticias\/wp-content\/uploads\/2019\/08\/CONE3-300x200.jpg 300w, http:\/\/vocesver.com\/noticias\/wp-content\/uploads\/2019\/08\/CONE3-768x512.jpg 768w, http:\/\/vocesver.com\/noticias\/wp-content\/uploads\/2019\/08\/CONE3-1024x683.jpg 1024w, http:\/\/vocesver.com\/noticias\/wp-content\/uploads\/2019\/08\/CONE3.jpg 1128w\" sizes=\"auto, (max-width: 300px) 100vw, 300px\" \/><\/a><a href=\"http:\/\/vocesver.com\/noticias\/wp-content\/uploads\/2019\/08\/CONE2.jpg\"><img loading=\"lazy\" decoding=\"async\" class=\"alignnone size-medium wp-image-16484\" src=\"http:\/\/vocesver.com\/noticias\/wp-content\/uploads\/2019\/08\/CONE2-300x200.jpg\" alt=\"\" width=\"300\" height=\"200\" srcset=\"http:\/\/vocesver.com\/noticias\/wp-content\/uploads\/2019\/08\/CONE2-300x200.jpg 300w, http:\/\/vocesver.com\/noticias\/wp-content\/uploads\/2019\/08\/CONE2-768x512.jpg 768w, http:\/\/vocesver.com\/noticias\/wp-content\/uploads\/2019\/08\/CONE2-1024x683.jpg 1024w, http:\/\/vocesver.com\/noticias\/wp-content\/uploads\/2019\/08\/CONE2.jpg 1128w\" sizes=\"auto, (max-width: 300px) 100vw, 300px\" \/><\/a>*<\/p>\n<p dir=\"ltr\">_*En la entidad ya se aplican los programas Sembrando Bienestar Com\u00fan, Mujeres Emprendedoras y M\u00f3dulos hacia la Autosuficiencia Alimentaria_<\/p>\n<p dir=\"ltr\">REDACCI\u00d3N\/VOCESVER.COM\/NOTICIAS<\/p>\n<p dir=\"ltr\">*Xalapa, Ver., 20 de agosto de 2019.-* Al presidir la Segunda Sesi\u00f3n del Consejo Estatal de Desarrollo Social (CEDS), el gobernador Cuitl\u00e1huac Garc\u00eda Jim\u00e9nez atestigu\u00f3 la firma del convenio de colaboraci\u00f3n con el Consejo Nacional de Evaluaci\u00f3n de la Pol\u00edtica de Desarrollo Social (CONEVAL) que establece las Zonas de Atenci\u00f3n Prioritaria (ZAP) en la entidad para el combate a la pobreza.<\/p>\n<p dir=\"ltr\">Durante este evento, se inform\u00f3 que en Veracruz se aplican acciones prioritarias en las localidades y poblaci\u00f3n especificadas dentro de la normatividad de cada uno de los programas sociales, conforme al decreto publicado por el Diario Oficial de la Federaci\u00f3n el pasado 28 de diciembre de 2018.<\/p>\n<p dir=\"ltr\">En acto efectuado en Sala de Banderas de Palacio de Gobierno, se dio a conocer que con la estrategia \u201cSembremos Bienestar Com\u00fan\u201d, en Veracruz se est\u00e1n atendiendo 127 municipios mediante 20 coordinadores territoriales, 900 sembradores y 80 t\u00e9cnicos especialistas.<\/p>\n<p dir=\"ltr\">Asimismo, con el fin de administrar eficaz y eficientemente 250 mil cuestionarios para la detecci\u00f3n de carencias se ha implementado la plataforma del Padr\u00f3n \u00danico de Sujetos de Derecho y Administraci\u00f3n de la Informaci\u00f3n Territorial (PUSDAIT),\u00a0 as\u00ed como la sistematizaci\u00f3n del padr\u00f3n de 20 mil 714 sujetos de derecho.<\/p>\n<p dir=\"ltr\">De igual forma, durante esta segunda sesi\u00f3n y frente a diversos integrantes del Gabinete estatal, se comunic\u00f3 que el Programa \u201cMujeres Emprendedoras\u201d dar\u00e1 apoyos de 5 mil pesos a 13 mil 414 mujeres, con una inversi\u00f3n de 67.07 millones de pesos; y el Programa \u201cM\u00f3dulos hacia la Autosuficiencia Alimentaria\u201d dar\u00e1 apoyos de 8 mil pesos a siete mil 300 sujetos de derecho, con una inversi\u00f3n de 58.4 millones de pesos.<\/p>\n<p dir=\"ltr\">Estos apoyos ya se est\u00e1n entregando a partir de agosto del presente a\u00f1o, con una inversi\u00f3n total de 125.4 millones de pesos y 20 mil 714 acciones.<\/p>\n<p dir=\"ltr\">Del mismo modo, se efectu\u00f3 un informe de los trabajos que se realizan en materia de infraestructura social b\u00e1sica y mejoramiento a las condiciones de la vivienda, agua potable, alcantarillado sanitario y saneamiento, educaci\u00f3n, salud, entre otros.<\/p>\n","protected":false},"excerpt":{"rendered":"<p>* _*En la entidad ya se aplican los programas Sembrando Bienestar Com\u00fan, Mujeres Emprendedoras y M\u00f3dulos hacia la Autosuficiencia Alimentaria_<\/p>\n","protected":false},"author":2,"featured_media":16482,"comment_status":"open","ping_status":"open","sticky":false,"template":"","format":"standard","meta":{"colormag_page_container_layout":"default_layout","colormag_page_sidebar_layout":"default_layout","footnotes":""},"categories":[4],"tags":[],"class_list":["post-16480","post","type-post","status-publish","format-standard","has-post-thumbnail","hentry","category-estatal"],"_links":{"self":[{"href":"http:\/\/vocesver.com\/noticias\/wp-json\/wp\/v2\/posts\/16480","targetHints":{"allow":["GET"]}}],"collection":[{"href":"http:\/\/vocesver.com\/noticias\/wp-json\/wp\/v2\/posts"}],"about":[{"href":"http:\/\/vocesver.com\/noticias\/wp-json\/wp\/v2\/types\/post"}],"author":[{"embeddable":true,"href":"http:\/\/vocesver.com\/noticias\/wp-json\/wp\/v2\/users\/2"}],"replies":[{"embeddable":true,"href":"http:\/\/vocesver.com\/noticias\/wp-json\/wp\/v2\/comments?post=16480"}],"version-history":[{"count":4,"href":"http:\/\/vocesver.com\/noticias\/wp-json\/wp\/v2\/posts\/16480\/revisions"}],"predecessor-version":[{"id":16487,"href":"http:\/\/vocesver.com\/noticias\/wp-json\/wp\/v2\/posts\/16480\/revisions\/16487"}],"wp:featuredmedia":[{"embeddable":true,"href":"http:\/\/vocesver.com\/noticias\/wp-json\/wp\/v2\/media\/16482"}],"wp:attachment":[{"href":"http:\/\/vocesver.com\/noticias\/wp-json\/wp\/v2\/media?parent=16480"}],"wp:term":[{"taxonomy":"category","embeddable":true,"href":"http:\/\/vocesver.com\/noticias\/wp-json\/wp\/v2\/categories?post=16480"},{"taxonomy":"post_tag","embeddable":true,"href":"http:\/\/vocesver.com\/noticias\/wp-json\/wp\/v2\/tags?post=16480"}],"curies":[{"name":"wp","href":"https:\/\/api.w.org\/{rel}","templated":true}]}}