{"id":16475,"date":"2019-08-19T21:34:58","date_gmt":"2019-08-19T21:34:58","guid":{"rendered":"http:\/\/vocesver.com\/noticias\/?p=16475"},"modified":"2019-08-19T21:35:30","modified_gmt":"2019-08-19T21:35:30","slug":"actuaremos-con-toleranciamonreal-responde-a-batres-y-llama-a-la-unidad","status":"publish","type":"post","link":"http:\/\/vocesver.com\/noticias\/actuaremos-con-toleranciamonreal-responde-a-batres-y-llama-a-la-unidad\/","title":{"rendered":"ACTUAREMOS CON TOLERANCIA:MONREAL RESPONDE A BATRES Y LLAMA A LA UNIDAD."},"content":{"rendered":"<p dir=\"ltr\">En redes sociales ambos morenistas han protagonizado una pelea tras los resultados para elegir presidente del Senado. Foto: Cuartoscuro<\/p>\n<p dir=\"ltr\">REDACCI\u00d3N\/VOCESVER.COM\/NOTICIAS<\/p>\n<p dir=\"ltr\">NACIONAL.- A 19 de\u00a0 Agosto 2019.- De acuerdo con informaci\u00f3n de UNOTV.COM&#8230;El\u00a0<strong>senador Ricardo Monreal\u00a0<\/strong>contest\u00f3 las acusaciones del tambi\u00e9n senador\u00a0<strong>Mart\u00ed Batres,<\/strong>\u00a0quien lo acus\u00f3 de persecuci\u00f3n para sacarlo de la\u00a0<strong>Mesa Directiva del Senado, la cual actualmente preside.\u00a0<\/strong><\/p>\n<p dir=\"ltr\">El\u00a0<strong>exalcalde de Cuahut\u00e9moc, en la Ciudad de M\u00e9xico,\u00a0<\/strong>quien llam\u00f3 a la unidad de Morena,\u00a0utiliz\u00f3 su cuenta de\u00a0<strong>Twitter\u00a0<\/strong>para responder acusaciones y, posteriormente, ofreci\u00f3 un mensaje a medios.<\/p>\n<p dir=\"ltr\"><em><strong>\u201cEn pol\u00edtica, las decisiones que se toman suscitan controversia y hasta polarizaci\u00f3n. El Grupo Parlamentario de @MorenaSenadores vot\u00f3 en libertad. Comprendo las reacciones y las descalificaciones: son injustas, pero actuaremos con tolerancia y altura de miras. #UnidadEnMorena\u201d,\u00a0<u>public\u00f3 Monreal.<\/u><\/strong><\/em><\/p>\n<div class=\"teads-adCall\"><\/div>\n<div class=\"tweeet-post\">\n<div class=\"SandboxRoot env-bp-min\" data-twitter-event-id=\"0\">\n<div id=\"twitter-widget-0\" class=\"EmbeddedTweet EmbeddedTweet--cta js-clickToOpenTarget\" lang=\"es\" data-click-to-open-target=\"https:\/\/twitter.com\/RicardoMonrealA\/status\/1163526649176043520\" data-iframe-title=\"Tweet de Twitter\" data-scribe=\"page:tweet\" data-twitter-event-id=\"3\">\n<div class=\"EmbeddedTweet-tweetContainer\">\n<div class=\"EmbeddedTweet-tweet\">\n<blockquote class=\"Tweet h-entry js-tweetIdInfo subject expanded\" cite=\"https:\/\/twitter.com\/RicardoMonrealA\/status\/1163526649176043520\" data-tweet-id=\"1163526649176043520\" data-scribe=\"section:subject\">\n<div class=\"Tweet-header\">\n<p><a class=\"TweetAuthor-avatar Identity-avatar u-linkBlend\" href=\"https:\/\/twitter.com\/RicardoMonrealA\" data-scribe=\"element:user_link\" aria-label=\"Ricardo Monreal A. (nombre de pantalla: RicardoMonrealA)\"><img decoding=\"async\" class=\"Avatar\" src=\"https:\/\/pbs.twimg.com\/profile_images\/1060374391513587713\/tFk5jrrZ_normal.jpg\" alt=\"\" data-scribe=\"element:avatar\" data-src-2x=\"https:\/\/pbs.twimg.com\/profile_images\/1060374391513587713\/tFk5jrrZ_bigger.jpg\" data-src-1x=\"https:\/\/pbs.twimg.com\/profile_images\/1060374391513587713\/tFk5jrrZ_normal.jpg\" \/><\/a><\/p>\n<div class=\"TweetAuthor js-inViewportScribingTarget\" data-scribe=\"component:author\">\n<div class=\"TweetAuthor-nameScreenNameContainer\">\n<p><span class=\"TweetAuthor-decoratedName\"><span class=\"TweetAuthor-name Identity-name customisable-highlight\" title=\"Ricardo Monreal A.\" data-scribe=\"element:name\">Ricardo Monreal A.<\/span><\/span><\/p>\n<div class=\"Icon Icon--verified \" title=\"Cuenta verificada\" role=\"img\" aria-label=\"Cuenta verificada\"><\/div>\n<p><span class=\"TweetAuthor-decoratedName\"><span class=\"TweetAuthor-verifiedBadge\" data-scribe=\"element:verified_badge\"><b class=\"u-hiddenVisually\">&#x2714;<\/b><\/span><\/span><span class=\"TweetAuthor-screenName Identity-screenName\" dir=\"ltr\" title=\"@RicardoMonrealA\" data-scribe=\"element:screen_name\">@RicardoMonrealA<\/span><\/p>\n<\/div>\n<\/div>\n<div class=\"Tweet-brand\">\n<div class=\"Icon Icon--twitter \" title=\"Ver en Twitter\" role=\"presentation\" aria-label=\"Ver en Twitter\"><\/div>\n<\/div>\n<\/div>\n<div class=\"Tweet-body e-entry-content\" data-scribe=\"component:tweet\">\n<div class=\"Tweet-target js-inViewportScribingTarget\"><\/div>\n<p class=\"Tweet-text e-entry-title\" dir=\"ltr\" lang=\"es\">En pol\u00edtica, las decisiones que se toman suscitan controversia y hasta polarizaci\u00f3n. El Grupo Parlamentario de <a class=\"PrettyLink profile customisable h-card\" dir=\"ltr\" href=\"https:\/\/twitter.com\/MorenaSenadores\" data-mentioned-user-id=\"985896556489576448\" data-scribe=\"element:mention\"><span class=\"PrettyLink-prefix\">@<\/span><span class=\"PrettyLink-value\">MorenaSenadores<\/span><\/a> vot\u00f3 en libertad. Comprendo las reacciones y las descalificaciones: son injustas, pero actuaremos con tolerancia y altura de miras. <a class=\"PrettyLink hashtag customisable\" dir=\"ltr\" href=\"https:\/\/twitter.com\/hashtag\/UnidadEnMorena?src=hash\" rel=\"tag\" data-query-source=\"hashtag_click\" data-scribe=\"element:hashtag\"><span class=\"PrettyLink-prefix\">#<\/span><span class=\"PrettyLink-value\">UnidadEnMorena<\/span><\/a><\/p>\n<div class=\"TweetInfo\">\n<div class=\"TweetInfo-like\">\n<div data-scribe=\"element:heart\">\n<div class=\"Icon Icon--heart \" title=\"Me gusta\" role=\"img\" aria-label=\"Me gusta\"><\/div>\n<\/div>\n<p><a class=\"TweetInfo-heart\" title=\"Me gusta\" href=\"https:\/\/twitter.com\/intent\/like?tweet_id=1163526649176043520\" data-scribe=\"component:actions\"><span class=\"TweetInfo-heartStat\" data-scribe=\"element:heart_count\">541<\/span><\/a><\/p>\n<\/div>\n<div class=\"TweetInfo-timeGeo\"><a class=\"u-linkBlend u-url customisable-highlight long-permalink\" href=\"https:\/\/twitter.com\/RicardoMonrealA\/status\/1163526649176043520\" data-datetime=\"2019-08-19T19:02:25+0000\" data-scribe=\"element:full_timestamp\"><time class=\"dt-updated\" title=\"Publicado a las: 19 de agosto de 2019 19:02:25 (UTC)\" datetime=\"2019-08-19T19:02:25+0000\">14:02 &#8211; 19 ago. 2019<\/time><\/a><\/div>\n<div class=\"tweet-InformationCircle\" data-scribe=\"element:notice\"><a class=\"Icon Icon--informationCircleWhite js-inViewportScribingTarget\" title=\"Informaci\u00f3n y privacidad de Twitter Ads\" href=\"https:\/\/support.twitter.com\/articles\/20175256\"><span class=\"u-hiddenVisually\">Informaci\u00f3n y privacidad de Twitter Ads<\/span><\/a><\/div>\n<\/div>\n<\/div>\n<\/blockquote>\n<\/div>\n<div class=\"CallToAction-icon\" data-scribe=\"element:conversation_icon\">\n<div class=\"Icon Icon--replyCTA \" title=\"Ver conversaci\u00f3n en Twitter\" role=\"img\" aria-label=\"Ver conversaci\u00f3n en Twitter\"><\/div>\n<\/div>\n<div class=\"CallToAction-text\" data-scribe=\"element:conversation_text\">572 personas est\u00e1n hablando de esto<\/div>\n<div class=\"CallToAction-chevron\" data-scribe=\"element:cta_chevron\">\n<div class=\"Icon Icon--chevronRightCTA \" title=\"Ver en Twitter\" role=\"img\" aria-label=\"Ver en Twitter\"><\/div>\n<\/div>\n<\/div>\n<\/div>\n<div class=\"resize-sensor\">\n<div class=\"resize-sensor-expand\">\n<div><\/div>\n<\/div>\n<div class=\"resize-sensor-shrink\">\n<div><\/div>\n<\/div>\n<\/div>\n<\/div>\n<\/div>\n<p dir=\"ltr\">Lo anterior, tras el triunfo en votaci\u00f3n de la bancada morenista en el Senado de<strong>M\u00f3nica Fern\u00e1ndez<\/strong>, quien<strong>\u00a0<\/strong>se perfila como sustituta de Batres en la presidencia de\u00a0<strong>la Mesa Directiva.<\/strong>\u00a0<strong>Batres\u00a0<\/strong>buscaba\u00a0<strong>reelegirse<\/strong>.<\/p>\n<p dir=\"ltr\">Entre las acusaciones hechas en su red social, el\u00a0<strong>extitular de la Secretar\u00eda de Desarrollo Social de la ciudad de M\u00e9xico<\/strong>\u00a0enfatiz\u00f3 que existe una divisi\u00f3n dentro del partido fundado por el presidente\u00a0<strong>Andr\u00e9s Manuel L\u00f3pez Obrador<\/strong>, a causa de\u00a0<strong>Monreal<\/strong>.<\/p>\n<div class=\"tweeet-post\">\n<div class=\"SandboxRoot env-bp-min\" data-twitter-event-id=\"1\">\n<div id=\"twitter-widget-1\" class=\"EmbeddedTweet EmbeddedTweet--cta js-clickToOpenTarget\" lang=\"es\" data-click-to-open-target=\"https:\/\/twitter.com\/martibatres\/status\/1163512492145799168\" data-iframe-title=\"Tweet de Twitter\" data-scribe=\"page:tweet\" data-twitter-event-id=\"2\">\n<div class=\"EmbeddedTweet-tweetContainer\">\n<div class=\"EmbeddedTweet-tweet\">\n<blockquote class=\"Tweet h-entry js-tweetIdInfo subject expanded\" cite=\"https:\/\/twitter.com\/martibatres\/status\/1163512492145799168\" data-tweet-id=\"1163512492145799168\" data-scribe=\"section:subject\">\n<div class=\"Tweet-header\">\n<p><a class=\"TweetAuthor-avatar Identity-avatar u-linkBlend\" href=\"https:\/\/twitter.com\/martibatres\" data-scribe=\"element:user_link\" aria-label=\"Mart\u00ed Batres (nombre de pantalla: martibatres)\"><img decoding=\"async\" class=\"Avatar\" src=\"https:\/\/pbs.twimg.com\/profile_images\/874998965145677824\/fSBT9WC2_normal.jpg\" alt=\"\" data-scribe=\"element:avatar\" data-src-2x=\"https:\/\/pbs.twimg.com\/profile_images\/874998965145677824\/fSBT9WC2_bigger.jpg\" data-src-1x=\"https:\/\/pbs.twimg.com\/profile_images\/874998965145677824\/fSBT9WC2_normal.jpg\" \/><\/a><\/p>\n<div class=\"TweetAuthor js-inViewportScribingTarget\" data-scribe=\"component:author\">\n<div class=\"TweetAuthor-nameScreenNameContainer\">\n<p><span class=\"TweetAuthor-decoratedName\"><span class=\"TweetAuthor-name Identity-name customisable-highlight\" title=\"Mart\u00ed Batres\" data-scribe=\"element:name\">Mart\u00ed Batres<\/span><\/span><\/p>\n<div class=\"Icon Icon--verified \" title=\"Cuenta verificada\" role=\"img\" aria-label=\"Cuenta verificada\"><\/div>\n<p><span class=\"TweetAuthor-decoratedName\"><span class=\"TweetAuthor-verifiedBadge\" data-scribe=\"element:verified_badge\"><b class=\"u-hiddenVisually\">&#x2714;<\/b><\/span><\/span><span class=\"TweetAuthor-screenName Identity-screenName\" dir=\"ltr\" title=\"@martibatres\" data-scribe=\"element:screen_name\">@martibatres<\/span><\/p>\n<\/div>\n<\/div>\n<div class=\"Tweet-brand\">\n<div class=\"Icon Icon--twitter \" title=\"Ver en Twitter\" role=\"presentation\" aria-label=\"Ver en Twitter\"><\/div>\n<\/div>\n<\/div>\n<div class=\"Tweet-body e-entry-content\" data-scribe=\"component:tweet\">\n<div class=\"Tweet-target js-inViewportScribingTarget\"><\/div>\n<p class=\"Tweet-text e-entry-title\" dir=\"ltr\" lang=\"es\">Lo han dicho otros y se corrobor\u00f3 hoy: <a class=\"PrettyLink profile customisable h-card\" dir=\"ltr\" href=\"https:\/\/twitter.com\/RicardoMonrealA\" data-mentioned-user-id=\"219358055\" data-scribe=\"element:mention\"><span class=\"PrettyLink-prefix\">@<\/span><span class=\"PrettyLink-value\">RicardoMonrealA<\/span><\/a> es un factor de divisi\u00f3n en <a class=\"PrettyLink hashtag customisable\" dir=\"ltr\" href=\"https:\/\/twitter.com\/hashtag\/Morena?src=hash\" rel=\"tag\" data-query-source=\"hashtag_click\" data-scribe=\"element:hashtag\"><span class=\"PrettyLink-prefix\">#<\/span><span class=\"PrettyLink-value\">Morena<\/span><\/a>. Le hace mucho da\u00f1o a nuestro movimiento.<\/p>\n<div class=\"TweetInfo\">\n<div class=\"TweetInfo-like\">\n<div data-scribe=\"element:heart\">\n<div class=\"Icon Icon--heart \" title=\"Me gusta\" role=\"img\" aria-label=\"Me gusta\"><\/div>\n<\/div>\n<p><a class=\"TweetInfo-heart\" title=\"Me gusta\" href=\"https:\/\/twitter.com\/intent\/like?tweet_id=1163512492145799168\" data-scribe=\"component:actions\"><span class=\"TweetInfo-heartStat\" data-scribe=\"element:heart_count\">1.371<\/span><\/a><\/p>\n<\/div>\n<div class=\"TweetInfo-timeGeo\"><a class=\"u-linkBlend u-url customisable-highlight long-permalink\" href=\"https:\/\/twitter.com\/martibatres\/status\/1163512492145799168\" data-datetime=\"2019-08-19T18:06:09+0000\" data-scribe=\"element:full_timestamp\"><time class=\"dt-updated\" title=\"Publicado a las: 19 de agosto de 2019 18:06:09 (UTC)\" datetime=\"2019-08-19T18:06:09+0000\">13:06 &#8211; 19 ago. 2019<\/time><\/a><\/div>\n<div class=\"tweet-InformationCircle\" data-scribe=\"element:notice\"><a class=\"Icon Icon--informationCircleWhite js-inViewportScribingTarget\" title=\"Informaci\u00f3n y privacidad de Twitter Ads\" href=\"https:\/\/support.twitter.com\/articles\/20175256\"><span class=\"u-hiddenVisually\">Informaci\u00f3n y privacidad de Twitter Ads<\/span><\/a><\/div>\n<\/div>\n<\/div>\n<\/blockquote>\n<\/div>\n<div class=\"CallToAction-icon\" data-scribe=\"element:conversation_icon\">\n<div class=\"Icon Icon--replyCTA \" title=\"Ver conversaci\u00f3n en Twitter\" role=\"img\" aria-label=\"Ver conversaci\u00f3n en Twitter\"><\/div>\n<\/div>\n<div class=\"CallToAction-text\" data-scribe=\"element:conversation_text\">1.377 personas est\u00e1n hablando de esto<\/div>\n<div class=\"CallToAction-chevron\" data-scribe=\"element:cta_chevron\">\n<div class=\"Icon Icon--chevronRightCTA \" title=\"Ver en Twitter\" role=\"img\" aria-label=\"Ver en Twitter\"><\/div>\n<\/div>\n<\/div>\n<\/div>\n<div class=\"resize-sensor\">\n<div class=\"resize-sensor-expand\">\n<div><\/div>\n<\/div>\n<div class=\"resize-sensor-shrink\">\n<div><\/div>\n<\/div>\n<\/div>\n<\/div>\n<\/div>\n<p dir=\"ltr\">Adem\u00e1s, Batres, luego de la votaci\u00f3n, exigi\u00f3 la renuncia de Monreal a la coordinaci\u00f3n de Morena en la C\u00e1mara Alta.<\/p>\n<p dir=\"ltr\">INF. DE UNOTV.COM&#8230;.<\/p>\n","protected":false},"excerpt":{"rendered":"<p>En redes sociales ambos morenistas han protagonizado una pelea tras los resultados para elegir presidente del Senado. Foto: Cuartoscuro REDACCI\u00d3N\/VOCESVER.COM\/NOTICIAS<\/p>\n","protected":false},"author":2,"featured_media":16476,"comment_status":"open","ping_status":"open","sticky":false,"template":"","format":"standard","meta":{"colormag_page_container_layout":"default_layout","colormag_page_sidebar_layout":"default_layout","footnotes":""},"categories":[5,1],"tags":[],"class_list":["post-16475","post","type-post","status-publish","format-standard","has-post-thumbnail","hentry","category-nacional","category-sin-categoria"],"_links":{"self":[{"href":"http:\/\/vocesver.com\/noticias\/wp-json\/wp\/v2\/posts\/16475","targetHints":{"allow":["GET"]}}],"collection":[{"href":"http:\/\/vocesver.com\/noticias\/wp-json\/wp\/v2\/posts"}],"about":[{"href":"http:\/\/vocesver.com\/noticias\/wp-json\/wp\/v2\/types\/post"}],"author":[{"embeddable":true,"href":"http:\/\/vocesver.com\/noticias\/wp-json\/wp\/v2\/users\/2"}],"replies":[{"embeddable":true,"href":"http:\/\/vocesver.com\/noticias\/wp-json\/wp\/v2\/comments?post=16475"}],"version-history":[{"count":2,"href":"http:\/\/vocesver.com\/noticias\/wp-json\/wp\/v2\/posts\/16475\/revisions"}],"predecessor-version":[{"id":16478,"href":"http:\/\/vocesver.com\/noticias\/wp-json\/wp\/v2\/posts\/16475\/revisions\/16478"}],"wp:featuredmedia":[{"embeddable":true,"href":"http:\/\/vocesver.com\/noticias\/wp-json\/wp\/v2\/media\/16476"}],"wp:attachment":[{"href":"http:\/\/vocesver.com\/noticias\/wp-json\/wp\/v2\/media?parent=16475"}],"wp:term":[{"taxonomy":"category","embeddable":true,"href":"http:\/\/vocesver.com\/noticias\/wp-json\/wp\/v2\/categories?post=16475"},{"taxonomy":"post_tag","embeddable":true,"href":"http:\/\/vocesver.com\/noticias\/wp-json\/wp\/v2\/tags?post=16475"}],"curies":[{"name":"wp","href":"https:\/\/api.w.org\/{rel}","templated":true}]}}